{"id":50629,"date":"2023-09-20T11:38:29","date_gmt":"2023-09-20T09:38:29","guid":{"rendered":"https:\/\/www.exenia.eu\/?p=50629"},"modified":"2023-10-10T14:13:16","modified_gmt":"2023-10-10T12:13:16","slug":"exenia-beleuchtet-das-jago-museum","status":"publish","type":"post","link":"https:\/\/restyling.exenia.eu\/de\/neuigkeiten\/exenia-beleuchtet-das-jago-museum\/","title":{"rendered":"Exenia beleuchtet das Jago-Museum"},"content":{"rendered":"<p><em>&#8222;Ich schaue mir meine Umgebung an, gestalte sie und teile sie&#8220;<\/em><br>JAGO<\/p><p>Die Kirche Sant&#8217;Aspreno ai Crociferi in Neapel, die viele Jahre lang verwahrlost war, wurde von JAGO vollst\u00e4ndig renoviert und ist nun die private Museumswerkstatt des jungen, brillanten K\u00fcnstlers.<\/p><p>Jago misst sich mit dem Material par excellence der klassischen Kunst, dem Marmor. In dem sch\u00f6nen Rahmen der Kirche verschmelzen die Werke mit der Architektur und scheinen schon immer dort gewesen zu sein.<\/p><p>Die Aufgabe des Lichts ist schwer. Die Skulpturen m\u00fcssen in einem v\u00f6llig wei\u00dfen Raum in Szene gesetzt werden.<br>Um die richtige Beleuchtung &#8211; das richtige Gleichgewicht zwischen Schatten und Licht, zwischen Feld und Gegenfeld &#8211; zu erreichen, musste eine Beleuchtungsl\u00f6sung gefunden werden, die sich am klassischen Vorbild orientiert und die Wirkung des nat\u00fcrlichen Lichts, das durch ein Fenster einf\u00e4llt, nachbildet.<\/p><p>Um diese Anforderungen zu erf\u00fcllen, entschied sich Light Company, das f\u00fcr das Projekt verantwortliche Lichtplanungsstudio, f\u00fcr die Arbeit mit unserem Projektor SPOT REVO MAX 230, dessen Eigenschaften es erm\u00f6glichten, ein aufregendes und zufriedenstellendes Ergebnis zu erzielen, das allen Erwartungen des Projekts entsprach.<\/p>","protected":false},"excerpt":{"rendered":"<p>&#8222;Ich schaue mir meine Umgebung an, gestalte sie und teile&#8230;<\/p>\n","protected":false},"author":2,"featured_media":50549,"comment_status":"closed","ping_status":"closed","sticky":false,"template":"","format":"standard","meta":{"_acf_changed":false,"footnotes":""},"categories":[209],"tags":[],"class_list":["post-50629","post","type-post","status-publish","format-standard","has-post-thumbnail","hentry","category-neuigkeiten"],"acf":[],"yoast_head":"<!-- This site is optimized with the Yoast SEO plugin v27.5 - https:\/\/yoast.com\/product\/yoast-seo-wordpress\/ -->\n<title>Exenia beleuchtet das Jago-Museum | Exenia<\/title>\n<meta name=\"robots\" content=\"noindex, follow, max-snippet:-1, max-image-preview:large, max-video-preview:-1\" \/>\n<meta property=\"og:locale\" content=\"de_DE\" \/>\n<meta property=\"og:type\" content=\"article\" \/>\n<meta property=\"og:title\" content=\"Exenia beleuchtet das Jago-Museum | Exenia\" \/>\n<meta property=\"og:description\" content=\"&#8222;Ich schaue mir meine Umgebung an, gestalte sie und teile...\" \/>\n<meta property=\"og:url\" content=\"https:\/\/restyling.exenia.eu\/news\/exenia-illumina-il-museo-di-jago\/\" \/>\n<meta property=\"og:site_name\" content=\"Exenia\" \/>\n<meta property=\"article:publisher\" content=\"https:\/\/www.facebook.com\/exenialighting\" \/>\n<meta property=\"article:published_time\" content=\"2023-09-20T09:38:29+00:00\" \/>\n<meta property=\"article:modified_time\" content=\"2023-10-10T12:13:16+00:00\" \/>\n<meta property=\"og:image\" content=\"https:\/\/restyling.exenia.eu\/wp-content\/uploads\/2023\/09\/1-jago-museum-ivanrossi-417-scaled.jpg\" \/>\n\t<meta property=\"og:image:width\" content=\"2560\" \/>\n\t<meta property=\"og:image:height\" content=\"1920\" \/>\n\t<meta property=\"og:image:type\" content=\"image\/jpeg\" \/>\n<meta name=\"author\" content=\"Exenia\" \/>\n<!-- \/ Yoast SEO plugin. -->","yoast_head_json":{"title":"Exenia beleuchtet das Jago-Museum | Exenia","robots":{"index":"noindex","follow":"follow","max-snippet":"max-snippet:-1","max-image-preview":"max-image-preview:large","max-video-preview":"max-video-preview:-1"},"og_locale":"de_DE","og_type":"article","og_title":"Exenia beleuchtet das Jago-Museum | Exenia","og_description":"&#8222;Ich schaue mir meine Umgebung an, gestalte sie und teile...","og_url":"https:\/\/restyling.exenia.eu\/news\/exenia-illumina-il-museo-di-jago\/","og_site_name":"Exenia","article_publisher":"https:\/\/www.facebook.com\/exenialighting","article_published_time":"2023-09-20T09:38:29+00:00","article_modified_time":"2023-10-10T12:13:16+00:00","og_image":[{"width":2560,"height":1920,"url":"https:\/\/restyling.exenia.eu\/wp-content\/uploads\/2023\/09\/1-jago-museum-ivanrossi-417-scaled.jpg","type":"image\/jpeg"}],"author":"Exenia","schema":{"@context":"https:\/\/schema.org","@graph":[{"@type":"Article","@id":"https:\/\/restyling.exenia.eu\/news\/exenia-illumina-il-museo-di-jago\/#article","isPartOf":{"@id":"https:\/\/restyling.exenia.eu\/news\/exenia-illumina-il-museo-di-jago\/"},"author":{"name":"Exenia","@id":"https:\/\/restyling.exenia.eu\/#\/schema\/person\/162807301a776fe5ebcf59ba12d114bd"},"headline":"Exenia beleuchtet das Jago-Museum","datePublished":"2023-09-20T09:38:29+00:00","dateModified":"2023-10-10T12:13:16+00:00","mainEntityOfPage":{"@id":"https:\/\/restyling.exenia.eu\/news\/exenia-illumina-il-museo-di-jago\/"},"wordCount":192,"publisher":{"@id":"https:\/\/restyling.exenia.eu\/#organization"},"image":{"@id":"https:\/\/restyling.exenia.eu\/news\/exenia-illumina-il-museo-di-jago\/#primaryimage"},"thumbnailUrl":"https:\/\/restyling.exenia.eu\/wp-content\/uploads\/2023\/09\/1-jago-museum-ivanrossi-417-scaled.jpg","articleSection":["Neuigkeiten"],"inLanguage":"de"},{"@type":"WebPage","@id":"https:\/\/restyling.exenia.eu\/news\/exenia-illumina-il-museo-di-jago\/","url":"https:\/\/restyling.exenia.eu\/news\/exenia-illumina-il-museo-di-jago\/","name":"Exenia beleuchtet das Jago-Museum | Exenia","isPartOf":{"@id":"https:\/\/restyling.exenia.eu\/#website"},"primaryImageOfPage":{"@id":"https:\/\/restyling.exenia.eu\/news\/exenia-illumina-il-museo-di-jago\/#primaryimage"},"image":{"@id":"https:\/\/restyling.exenia.eu\/news\/exenia-illumina-il-museo-di-jago\/#primaryimage"},"thumbnailUrl":"https:\/\/restyling.exenia.eu\/wp-content\/uploads\/2023\/09\/1-jago-museum-ivanrossi-417-scaled.jpg","datePublished":"2023-09-20T09:38:29+00:00","dateModified":"2023-10-10T12:13:16+00:00","breadcrumb":{"@id":"https:\/\/restyling.exenia.eu\/news\/exenia-illumina-il-museo-di-jago\/#breadcrumb"},"inLanguage":"de","potentialAction":[{"@type":"ReadAction","target":["https:\/\/restyling.exenia.eu\/news\/exenia-illumina-il-museo-di-jago\/"]}]},{"@type":"ImageObject","inLanguage":"de","@id":"https:\/\/restyling.exenia.eu\/news\/exenia-illumina-il-museo-di-jago\/#primaryimage","url":"https:\/\/restyling.exenia.eu\/wp-content\/uploads\/2023\/09\/1-jago-museum-ivanrossi-417-scaled.jpg","contentUrl":"https:\/\/restyling.exenia.eu\/wp-content\/uploads\/2023\/09\/1-jago-museum-ivanrossi-417-scaled.jpg","width":2560,"height":1920,"caption":"Museo Jago"},{"@type":"BreadcrumbList","@id":"https:\/\/restyling.exenia.eu\/news\/exenia-illumina-il-museo-di-jago\/#breadcrumb","itemListElement":[{"@type":"ListItem","position":1,"name":"Home","item":"https:\/\/restyling.exenia.eu\/"},{"@type":"ListItem","position":2,"name":"News","item":"https:\/\/restyling.exenia.eu\/categoria\/news\/"},{"@type":"ListItem","position":3,"name":"Exenia beleuchtet das Jago-Museum"}]},{"@type":"WebSite","@id":"https:\/\/restyling.exenia.eu\/#website","url":"https:\/\/restyling.exenia.eu\/","name":"Exenia","description":"","publisher":{"@id":"https:\/\/restyling.exenia.eu\/#organization"},"potentialAction":[{"@type":"SearchAction","target":{"@type":"EntryPoint","urlTemplate":"https:\/\/restyling.exenia.eu\/?s={search_term_string}"},"query-input":{"@type":"PropertyValueSpecification","valueRequired":true,"valueName":"search_term_string"}}],"inLanguage":"de"},{"@type":"Organization","@id":"https:\/\/restyling.exenia.eu\/#organization","name":"Exenia","url":"https:\/\/restyling.exenia.eu\/","logo":{"@type":"ImageObject","inLanguage":"de","@id":"https:\/\/restyling.exenia.eu\/#\/schema\/logo\/image\/","url":"https:\/\/restyling.exenia.eu\/wp-content\/uploads\/2022\/09\/logo_exenia-e1678467519405.png","contentUrl":"https:\/\/restyling.exenia.eu\/wp-content\/uploads\/2022\/09\/logo_exenia-e1678467519405.png","width":600,"height":194,"caption":"Exenia"},"image":{"@id":"https:\/\/restyling.exenia.eu\/#\/schema\/logo\/image\/"},"sameAs":["https:\/\/www.facebook.com\/exenialighting","https:\/\/x.com\/ExeniaLighting"]},{"@type":"Person","@id":"https:\/\/restyling.exenia.eu\/#\/schema\/person\/162807301a776fe5ebcf59ba12d114bd","name":"Exenia"}]}},"_links":{"self":[{"href":"https:\/\/restyling.exenia.eu\/de\/wp-json\/wp\/v2\/posts\/50629","targetHints":{"allow":["GET"]}}],"collection":[{"href":"https:\/\/restyling.exenia.eu\/de\/wp-json\/wp\/v2\/posts"}],"about":[{"href":"https:\/\/restyling.exenia.eu\/de\/wp-json\/wp\/v2\/types\/post"}],"author":[{"embeddable":true,"href":"https:\/\/restyling.exenia.eu\/de\/wp-json\/wp\/v2\/users\/2"}],"replies":[{"embeddable":true,"href":"https:\/\/restyling.exenia.eu\/de\/wp-json\/wp\/v2\/comments?post=50629"}],"version-history":[{"count":0,"href":"https:\/\/restyling.exenia.eu\/de\/wp-json\/wp\/v2\/posts\/50629\/revisions"}],"wp:featuredmedia":[{"embeddable":true,"href":"https:\/\/restyling.exenia.eu\/de\/wp-json\/wp\/v2\/media\/50549"}],"wp:attachment":[{"href":"https:\/\/restyling.exenia.eu\/de\/wp-json\/wp\/v2\/media?parent=50629"}],"wp:term":[{"taxonomy":"category","embeddable":true,"href":"https:\/\/restyling.exenia.eu\/de\/wp-json\/wp\/v2\/categories?post=50629"},{"taxonomy":"post_tag","embeddable":true,"href":"https:\/\/restyling.exenia.eu\/de\/wp-json\/wp\/v2\/tags?post=50629"}],"curies":[{"name":"wp","href":"https:\/\/api.w.org\/{rel}","templated":true}]}}