{"id":51872,"date":"2024-02-06T16:33:00","date_gmt":"2024-02-06T15:33:00","guid":{"rendered":"https:\/\/www.exenia.eu\/?p=51872"},"modified":"2024-02-13T17:44:38","modified_gmt":"2024-02-13T16:44:38","slug":"exenia-partecipa-alla-fiera-lightingbuilding-2024","status":"publish","type":"post","link":"https:\/\/restyling.exenia.eu\/de\/neuigkeiten\/exenia-partecipa-alla-fiera-lightingbuilding-2024\/","title":{"rendered":"Exenia beteiligt sich an der Messe light+building 2024"},"content":{"rendered":"\t\t<div data-elementor-type=\"wp-post\" data-elementor-id=\"51872\" class=\"elementor elementor-51872 elementor-51824\" wpc-filter-elementor-widget=\"1\" data-elementor-post-type=\"post\">\n\t\t\t\t\t\t<section class=\"elementor-section elementor-top-section elementor-element elementor-element-5b5f1871 elementor-section-boxed elementor-section-height-default elementor-section-height-default\" data-id=\"5b5f1871\" data-element_type=\"section\" data-e-type=\"section\">\n\t\t\t\t\t\t<div class=\"elementor-container elementor-column-gap-default\">\n\t\t\t\t\t<div class=\"elementor-column elementor-col-100 elementor-top-column elementor-element elementor-element-37b29b31\" data-id=\"37b29b31\" data-element_type=\"column\" data-e-type=\"column\">\n\t\t\t<div class=\"elementor-widget-wrap elementor-element-populated\">\n\t\t\t\t\t\t<div class=\"elementor-element elementor-element-464cede5 elementor-widget__width-initial elementor-widget elementor-widget-text-editor\" data-id=\"464cede5\" data-element_type=\"widget\" data-e-type=\"widget\" data-widget_type=\"text-editor.default\">\n\t\t\t\t<div class=\"elementor-widget-container\">\n\t\t\t\t\t\t\t\t\t<figure class=\"wp-block-image size-large\"><img fetchpriority=\"high\" decoding=\"async\" width=\"1024\" height=\"642\" class=\"wp-image-51786\" src=\"https:\/\/www.exenia.eu\/exenia-staging\/wp-content\/uploads\/2024\/02\/WEB-1024x642.jpg\" alt=\"\" srcset=\"https:\/\/restyling.exenia.eu\/wp-content\/uploads\/2024\/02\/WEB-1024x642.jpg 1024w, https:\/\/restyling.exenia.eu\/wp-content\/uploads\/2024\/02\/WEB-300x188.jpg 300w, https:\/\/restyling.exenia.eu\/wp-content\/uploads\/2024\/02\/WEB-768x481.jpg 768w, https:\/\/restyling.exenia.eu\/wp-content\/uploads\/2024\/02\/WEB-1536x962.jpg 1536w, https:\/\/restyling.exenia.eu\/wp-content\/uploads\/2024\/02\/WEB-2048x1283.jpg 2048w\" sizes=\"(max-width: 1024px) 100vw, 1024px\" \/><\/figure><hr class=\"wp-block-separator has-alpha-channel-opacity is-style-dots\" \/><p>Wir freuen uns, unsere Teilnahme an der Messe Light+Building 2024 anzuk\u00fcndigen, die vom 3. bis 8. M\u00e4rz in Frankfurt stattfinden wird.<\/p><p>Dies wird eine besondere Gelegenheit sein, einen genaueren Blick auf die Leistung und Technologie unserer Produkte zu werfen, die in verschiedenen\u00a0Anwendungsbereichen: von der Kirche bis zum Einzelhandel, vom Gastgewerbe bis zum Haushalt, vom Bildungswesen bis zum B\u00fcro.<\/p><p>In dem auf unserem Stand eingerichteten schwarzen Raum wird es m\u00f6glich sein, an der Live Optical Experience teilzunehmen, einer Vorf\u00fchrung<br \/>der REVO-Optik teilzunehmen.<\/p><p>Ein interaktives Erlebnis, bei dem Sie unseren Fachleuten Fragen stellen und mehr \u00fcber die besonderen Merkmale unserer Technologien erfahren k\u00f6nnen. Eine einmalige Gelegenheit, sich ein umfassendes Bild von den M\u00f6glichkeiten unserer REVO-Optik zu machen.<\/p><p>Lassen Sie sich diese Gelegenheit nicht entgehen!<\/p><div class=\"wp-block-buttons\"><div class=\"wp-block-button has-custom-font-size is-style-fill\" style=\"font-size: 20px\"><span style=\"color: #ffffff\"><br \/><a class=\"wp-block-button__link has-white-color has-text-color has-background has-link-color wp-element-button\" style=\"background-color: #998454;color: #ffffff\" href=\"https:\/\/outlook.office365.com\/owa\/calendar\/Exenia1@Lumenpulse.onmicrosoft.com\/bookings\/\">BUCHEN SIE<\/a><\/span><\/div><\/div><hr class=\"wp-block-separator has-alpha-channel-opacity is-style-dots\" \/><p><br \/>*Wenn die verf\u00fcgbaren Pl\u00e4tze ausgebucht sind, wenden Sie sich bitte an reception@exenia.eu und buchen Sie bei einem unserer verf\u00fcgbaren Vertriebsmitarbeiter.<\/p><p><strong>Sie haben noch keine Eintrittskarte f\u00fcr die Messe?<\/strong><br \/>Wenn Sie noch keine Eintrittskarte f\u00fcr die Messe haben, wenden Sie sich bitte an mkt@exenia.eu, um eine kostenlose Eintrittskarte zu erhalten.<\/p>\t\t\t\t\t\t\t\t<\/div>\n\t\t\t\t<\/div>\n\t\t\t\t\t<\/div>\n\t\t<\/div>\n\t\t\t\t\t<\/div>\n\t\t<\/section>\n\t\t\t\t<\/div>\n\t\t","protected":false},"excerpt":{"rendered":"<p>Wir freuen uns, unsere Teilnahme an der Messe Light+Building 2024&#8230;<\/p>\n","protected":false},"author":2,"featured_media":51935,"comment_status":"closed","ping_status":"closed","sticky":false,"template":"","format":"standard","meta":{"_acf_changed":false,"footnotes":""},"categories":[209],"tags":[],"class_list":["post-51872","post","type-post","status-publish","format-standard","has-post-thumbnail","hentry","category-neuigkeiten"],"acf":[],"yoast_head":"<!-- This site is optimized with the Yoast SEO plugin v27.5 - https:\/\/yoast.com\/product\/yoast-seo-wordpress\/ -->\n<title>Exenia beteiligt sich an der Messe light+building 2024 | Exenia<\/title>\n<meta name=\"robots\" content=\"noindex, follow, max-snippet:-1, max-image-preview:large, max-video-preview:-1\" \/>\n<meta property=\"og:locale\" content=\"de_DE\" \/>\n<meta property=\"og:type\" content=\"article\" \/>\n<meta property=\"og:title\" content=\"Exenia beteiligt sich an der Messe light+building 2024 | Exenia\" \/>\n<meta property=\"og:description\" content=\"Wir freuen uns, unsere Teilnahme an der Messe Light+Building 2024...\" \/>\n<meta property=\"og:url\" content=\"https:\/\/restyling.exenia.eu\/news\/exenia-partecipa-alla-fiera-lightingbuilding-2024\/\" \/>\n<meta property=\"og:site_name\" content=\"Exenia\" \/>\n<meta property=\"article:publisher\" content=\"https:\/\/www.facebook.com\/exenialighting\" \/>\n<meta property=\"article:published_time\" content=\"2024-02-06T15:33:00+00:00\" \/>\n<meta property=\"article:modified_time\" content=\"2024-02-13T16:44:38+00:00\" \/>\n<meta property=\"og:image\" content=\"https:\/\/restyling.exenia.eu\/wp-content\/uploads\/2023\/04\/Bannerone.jpg\" \/>\n\t<meta property=\"og:image:width\" content=\"2200\" \/>\n\t<meta property=\"og:image:height\" content=\"1723\" \/>\n\t<meta property=\"og:image:type\" content=\"image\/jpeg\" \/>\n<meta name=\"author\" content=\"Exenia\" \/>\n<!-- \/ Yoast SEO plugin. -->","yoast_head_json":{"title":"Exenia beteiligt sich an der Messe light+building 2024 | Exenia","robots":{"index":"noindex","follow":"follow","max-snippet":"max-snippet:-1","max-image-preview":"max-image-preview:large","max-video-preview":"max-video-preview:-1"},"og_locale":"de_DE","og_type":"article","og_title":"Exenia beteiligt sich an der Messe light+building 2024 | Exenia","og_description":"Wir freuen uns, unsere Teilnahme an der Messe Light+Building 2024...","og_url":"https:\/\/restyling.exenia.eu\/news\/exenia-partecipa-alla-fiera-lightingbuilding-2024\/","og_site_name":"Exenia","article_publisher":"https:\/\/www.facebook.com\/exenialighting","article_published_time":"2024-02-06T15:33:00+00:00","article_modified_time":"2024-02-13T16:44:38+00:00","og_image":[{"width":2200,"height":1723,"url":"https:\/\/restyling.exenia.eu\/wp-content\/uploads\/2023\/04\/Bannerone.jpg","type":"image\/jpeg"}],"author":"Exenia","schema":{"@context":"https:\/\/schema.org","@graph":[{"@type":"Article","@id":"https:\/\/restyling.exenia.eu\/news\/exenia-partecipa-alla-fiera-lightingbuilding-2024\/#article","isPartOf":{"@id":"https:\/\/restyling.exenia.eu\/news\/exenia-partecipa-alla-fiera-lightingbuilding-2024\/"},"author":{"name":"Exenia","@id":"https:\/\/restyling.exenia.eu\/#\/schema\/person\/162807301a776fe5ebcf59ba12d114bd"},"headline":"Exenia beteiligt sich an der Messe light+building 2024","datePublished":"2024-02-06T15:33:00+00:00","dateModified":"2024-02-13T16:44:38+00:00","mainEntityOfPage":{"@id":"https:\/\/restyling.exenia.eu\/news\/exenia-partecipa-alla-fiera-lightingbuilding-2024\/"},"wordCount":195,"publisher":{"@id":"https:\/\/restyling.exenia.eu\/#organization"},"image":{"@id":"https:\/\/restyling.exenia.eu\/news\/exenia-partecipa-alla-fiera-lightingbuilding-2024\/#primaryimage"},"thumbnailUrl":"https:\/\/restyling.exenia.eu\/wp-content\/uploads\/2023\/04\/Bannerone.jpg","articleSection":["Neuigkeiten"],"inLanguage":"de"},{"@type":"WebPage","@id":"https:\/\/restyling.exenia.eu\/news\/exenia-partecipa-alla-fiera-lightingbuilding-2024\/","url":"https:\/\/restyling.exenia.eu\/news\/exenia-partecipa-alla-fiera-lightingbuilding-2024\/","name":"Exenia beteiligt sich an der Messe light+building 2024 | Exenia","isPartOf":{"@id":"https:\/\/restyling.exenia.eu\/#website"},"primaryImageOfPage":{"@id":"https:\/\/restyling.exenia.eu\/news\/exenia-partecipa-alla-fiera-lightingbuilding-2024\/#primaryimage"},"image":{"@id":"https:\/\/restyling.exenia.eu\/news\/exenia-partecipa-alla-fiera-lightingbuilding-2024\/#primaryimage"},"thumbnailUrl":"https:\/\/restyling.exenia.eu\/wp-content\/uploads\/2023\/04\/Bannerone.jpg","datePublished":"2024-02-06T15:33:00+00:00","dateModified":"2024-02-13T16:44:38+00:00","breadcrumb":{"@id":"https:\/\/restyling.exenia.eu\/news\/exenia-partecipa-alla-fiera-lightingbuilding-2024\/#breadcrumb"},"inLanguage":"de","potentialAction":[{"@type":"ReadAction","target":["https:\/\/restyling.exenia.eu\/news\/exenia-partecipa-alla-fiera-lightingbuilding-2024\/"]}]},{"@type":"ImageObject","inLanguage":"de","@id":"https:\/\/restyling.exenia.eu\/news\/exenia-partecipa-alla-fiera-lightingbuilding-2024\/#primaryimage","url":"https:\/\/restyling.exenia.eu\/wp-content\/uploads\/2023\/04\/Bannerone.jpg","contentUrl":"https:\/\/restyling.exenia.eu\/wp-content\/uploads\/2023\/04\/Bannerone.jpg","width":2200,"height":1723},{"@type":"BreadcrumbList","@id":"https:\/\/restyling.exenia.eu\/news\/exenia-partecipa-alla-fiera-lightingbuilding-2024\/#breadcrumb","itemListElement":[{"@type":"ListItem","position":1,"name":"Home","item":"https:\/\/restyling.exenia.eu\/"},{"@type":"ListItem","position":2,"name":"News","item":"https:\/\/restyling.exenia.eu\/categoria\/news\/"},{"@type":"ListItem","position":3,"name":"Exenia beteiligt sich an der Messe light+building 2024"}]},{"@type":"WebSite","@id":"https:\/\/restyling.exenia.eu\/#website","url":"https:\/\/restyling.exenia.eu\/","name":"Exenia","description":"","publisher":{"@id":"https:\/\/restyling.exenia.eu\/#organization"},"potentialAction":[{"@type":"SearchAction","target":{"@type":"EntryPoint","urlTemplate":"https:\/\/restyling.exenia.eu\/?s={search_term_string}"},"query-input":{"@type":"PropertyValueSpecification","valueRequired":true,"valueName":"search_term_string"}}],"inLanguage":"de"},{"@type":"Organization","@id":"https:\/\/restyling.exenia.eu\/#organization","name":"Exenia","url":"https:\/\/restyling.exenia.eu\/","logo":{"@type":"ImageObject","inLanguage":"de","@id":"https:\/\/restyling.exenia.eu\/#\/schema\/logo\/image\/","url":"https:\/\/restyling.exenia.eu\/wp-content\/uploads\/2022\/09\/logo_exenia-e1678467519405.png","contentUrl":"https:\/\/restyling.exenia.eu\/wp-content\/uploads\/2022\/09\/logo_exenia-e1678467519405.png","width":600,"height":194,"caption":"Exenia"},"image":{"@id":"https:\/\/restyling.exenia.eu\/#\/schema\/logo\/image\/"},"sameAs":["https:\/\/www.facebook.com\/exenialighting","https:\/\/x.com\/ExeniaLighting"]},{"@type":"Person","@id":"https:\/\/restyling.exenia.eu\/#\/schema\/person\/162807301a776fe5ebcf59ba12d114bd","name":"Exenia"}]}},"_links":{"self":[{"href":"https:\/\/restyling.exenia.eu\/de\/wp-json\/wp\/v2\/posts\/51872","targetHints":{"allow":["GET"]}}],"collection":[{"href":"https:\/\/restyling.exenia.eu\/de\/wp-json\/wp\/v2\/posts"}],"about":[{"href":"https:\/\/restyling.exenia.eu\/de\/wp-json\/wp\/v2\/types\/post"}],"author":[{"embeddable":true,"href":"https:\/\/restyling.exenia.eu\/de\/wp-json\/wp\/v2\/users\/2"}],"replies":[{"embeddable":true,"href":"https:\/\/restyling.exenia.eu\/de\/wp-json\/wp\/v2\/comments?post=51872"}],"version-history":[{"count":0,"href":"https:\/\/restyling.exenia.eu\/de\/wp-json\/wp\/v2\/posts\/51872\/revisions"}],"wp:featuredmedia":[{"embeddable":true,"href":"https:\/\/restyling.exenia.eu\/de\/wp-json\/wp\/v2\/media\/51935"}],"wp:attachment":[{"href":"https:\/\/restyling.exenia.eu\/de\/wp-json\/wp\/v2\/media?parent=51872"}],"wp:term":[{"taxonomy":"category","embeddable":true,"href":"https:\/\/restyling.exenia.eu\/de\/wp-json\/wp\/v2\/categories?post=51872"},{"taxonomy":"post_tag","embeddable":true,"href":"https:\/\/restyling.exenia.eu\/de\/wp-json\/wp\/v2\/tags?post=51872"}],"curies":[{"name":"wp","href":"https:\/\/api.w.org\/{rel}","templated":true}]}}