{"id":26130,"date":"2023-01-25T09:22:00","date_gmt":"2023-01-25T08:22:00","guid":{"rendered":"https:\/\/www.exenia.eu\/exenia-acquisisce-la-dichiarazione-epd\/"},"modified":"2023-03-08T17:41:35","modified_gmt":"2023-03-08T16:41:35","slug":"exenia-adquiere-la-declaracion-epd","status":"publish","type":"post","link":"https:\/\/restyling.exenia.eu\/es\/noticias\/exenia-adquiere-la-declaracion-epd\/","title":{"rendered":"Exenia adquiere la declaraci\u00f3n EPD"},"content":{"rendered":"\t\t<div data-elementor-type=\"wp-post\" data-elementor-id=\"26130\" class=\"elementor elementor-26130 elementor-26089\" wpc-filter-elementor-widget=\"1\" data-elementor-post-type=\"post\">\n\t\t\t\t\t\t<section class=\"elementor-section elementor-top-section elementor-element elementor-element-7807407 elementor-section-full_width elementor-section-height-default elementor-section-height-default\" data-id=\"7807407\" data-element_type=\"section\" data-e-type=\"section\">\n\t\t\t\t\t\t<div class=\"elementor-container elementor-column-gap-default\">\n\t\t\t\t\t<div class=\"elementor-column elementor-col-33 elementor-top-column elementor-element elementor-element-c702ac8\" data-id=\"c702ac8\" data-element_type=\"column\" data-e-type=\"column\">\n\t\t\t<div class=\"elementor-widget-wrap elementor-element-populated\">\n\t\t\t\t\t\t<div class=\"elementor-element elementor-element-f39d1bb elementor-widget elementor-widget-image\" data-id=\"f39d1bb\" data-element_type=\"widget\" data-e-type=\"widget\" data-widget_type=\"image.default\">\n\t\t\t\t<div class=\"elementor-widget-container\">\n\t\t\t\t\t\t\t\t\t\t\t\t\t\t\t\t<a href=\"https:\/\/www.exenia.eu\/exenia-staging\/wp-content\/uploads\/2023\/02\/epdi.jpg\" data-elementor-open-lightbox=\"yes\" data-elementor-lightbox-title=\"epdi\" data-e-action-hash=\"#elementor-action%3Aaction%3Dlightbox%26settings%3DeyJpZCI6MjYwOTEsInVybCI6Imh0dHBzOlwvXC9yZXN0eWxpbmcuZXhlbmlhLmV1XC93cC1jb250ZW50XC91cGxvYWRzXC8yMDIzXC8wMlwvZXBkaS5qcGcifQ%3D%3D\">\n\t\t\t\t\t\t\t<img fetchpriority=\"high\" decoding=\"async\" width=\"1454\" height=\"912\" src=\"https:\/\/restyling.exenia.eu\/wp-content\/uploads\/2023\/02\/epdi.jpg\" class=\"attachment-full size-full wp-image-26091\" alt=\"\" srcset=\"https:\/\/restyling.exenia.eu\/wp-content\/uploads\/2023\/02\/epdi.jpg 1454w, https:\/\/restyling.exenia.eu\/wp-content\/uploads\/2023\/02\/epdi-300x188.jpg 300w, https:\/\/restyling.exenia.eu\/wp-content\/uploads\/2023\/02\/epdi-1024x642.jpg 1024w, https:\/\/restyling.exenia.eu\/wp-content\/uploads\/2023\/02\/epdi-768x482.jpg 768w\" sizes=\"(max-width: 1454px) 100vw, 1454px\" \/>\t\t\t\t\t\t\t\t<\/a>\n\t\t\t\t\t\t\t\t\t\t\t\t\t\t\t<\/div>\n\t\t\t\t<\/div>\n\t\t\t\t\t<\/div>\n\t\t<\/div>\n\t\t\t\t<div class=\"elementor-column elementor-col-66 elementor-top-column elementor-element elementor-element-175eecb\" data-id=\"175eecb\" data-element_type=\"column\" data-e-type=\"column\">\n\t\t\t<div class=\"elementor-widget-wrap elementor-element-populated\">\n\t\t\t\t\t\t<div class=\"elementor-element elementor-element-14c35e5 elementor-widget elementor-widget-text-editor\" data-id=\"14c35e5\" data-element_type=\"widget\" data-e-type=\"widget\" data-widget_type=\"text-editor.default\">\n\t\t\t\t<div class=\"elementor-widget-container\">\n\t\t\t\t\t\t\t\t\t<p style=\"text-align: left;\">Gracias a TUV Italia, que llev\u00f3 a cabo la primera validaci\u00f3n de una declaraci\u00f3n EPD elaborada seg\u00fan los requisitos de EPDItaly, Exenia realiza otra acci\u00f3n dirigida al importante tema de la sostenibilidad.<\/p>\n<p style=\"text-align: center;\"><strong><a href=\"https:\/\/www.tuvsud.com\/it-it\/risorse-e-pubblicazioni\/tuv-italia-blog\/sostenibilita-e-csr\/tuv-italia-verifica-la-dichiarazione-epditaly-per-exenia\" target=\"_blank\" rel=\"noopener\">LEER EL ART\u00cdCULO<\/a><\/strong><\/p>\n&nbsp;\t\t\t\t\t\t\t\t<\/div>\n\t\t\t\t<\/div>\n\t\t\t\t\t<\/div>\n\t\t<\/div>\n\t\t\t\t\t<\/div>\n\t\t<\/section>\n\t\t\t\t<\/div>\n\t\t","protected":false},"excerpt":{"rendered":"<p>Gracias a TUV Italia, que llev\u00f3 a cabo la primera&#8230;<\/p>\n","protected":false},"author":1,"featured_media":26095,"comment_status":"closed","ping_status":"closed","sticky":false,"template":"","format":"standard","meta":{"_acf_changed":false,"footnotes":""},"categories":[207],"tags":[],"class_list":["post-26130","post","type-post","status-publish","format-standard","has-post-thumbnail","hentry","category-noticias"],"acf":[],"yoast_head":"<!-- This site is optimized with the Yoast SEO plugin v27.5 - https:\/\/yoast.com\/product\/yoast-seo-wordpress\/ -->\n<title>Exenia adquiere la declaraci\u00f3n EPD | Exenia<\/title>\n<meta name=\"robots\" content=\"noindex, follow, max-snippet:-1, max-image-preview:large, max-video-preview:-1\" \/>\n<meta property=\"og:locale\" content=\"es_ES\" \/>\n<meta property=\"og:type\" content=\"article\" \/>\n<meta property=\"og:title\" content=\"Exenia adquiere la declaraci\u00f3n EPD | Exenia\" \/>\n<meta property=\"og:description\" content=\"Gracias a TUV Italia, que llev\u00f3 a cabo la primera...\" \/>\n<meta property=\"og:url\" content=\"https:\/\/restyling.exenia.eu\/news\/exenia-acquisisce-la-dichiarazione-epd\/\" \/>\n<meta property=\"og:site_name\" content=\"Exenia\" \/>\n<meta property=\"article:publisher\" content=\"https:\/\/www.facebook.com\/exenialighting\" \/>\n<meta property=\"article:published_time\" content=\"2023-01-25T08:22:00+00:00\" \/>\n<meta property=\"article:modified_time\" content=\"2023-03-08T16:41:35+00:00\" \/>\n<meta property=\"og:image\" content=\"https:\/\/restyling.exenia.eu\/wp-content\/uploads\/2023\/02\/epdi.jpg\" \/>\n\t<meta property=\"og:image:width\" content=\"1454\" \/>\n\t<meta property=\"og:image:height\" content=\"912\" \/>\n\t<meta property=\"og:image:type\" content=\"image\/jpeg\" \/>\n<meta name=\"author\" content=\"admin\" \/>\n<!-- \/ Yoast SEO plugin. -->","yoast_head_json":{"title":"Exenia adquiere la declaraci\u00f3n EPD | Exenia","robots":{"index":"noindex","follow":"follow","max-snippet":"max-snippet:-1","max-image-preview":"max-image-preview:large","max-video-preview":"max-video-preview:-1"},"og_locale":"es_ES","og_type":"article","og_title":"Exenia adquiere la declaraci\u00f3n EPD | Exenia","og_description":"Gracias a TUV Italia, que llev\u00f3 a cabo la primera...","og_url":"https:\/\/restyling.exenia.eu\/news\/exenia-acquisisce-la-dichiarazione-epd\/","og_site_name":"Exenia","article_publisher":"https:\/\/www.facebook.com\/exenialighting","article_published_time":"2023-01-25T08:22:00+00:00","article_modified_time":"2023-03-08T16:41:35+00:00","og_image":[{"width":1454,"height":912,"url":"https:\/\/restyling.exenia.eu\/wp-content\/uploads\/2023\/02\/epdi.jpg","type":"image\/jpeg"}],"author":"admin","schema":{"@context":"https:\/\/schema.org","@graph":[{"@type":"Article","@id":"https:\/\/restyling.exenia.eu\/news\/exenia-acquisisce-la-dichiarazione-epd\/#article","isPartOf":{"@id":"https:\/\/restyling.exenia.eu\/news\/exenia-acquisisce-la-dichiarazione-epd\/"},"author":{"name":"admin","@id":"https:\/\/restyling.exenia.eu\/#\/schema\/person\/419925b29d220601a295ae3b4af95d90"},"headline":"Exenia adquiere la declaraci\u00f3n EPD","datePublished":"2023-01-25T08:22:00+00:00","dateModified":"2023-03-08T16:41:35+00:00","mainEntityOfPage":{"@id":"https:\/\/restyling.exenia.eu\/news\/exenia-acquisisce-la-dichiarazione-epd\/"},"wordCount":47,"publisher":{"@id":"https:\/\/restyling.exenia.eu\/#organization"},"image":{"@id":"https:\/\/restyling.exenia.eu\/news\/exenia-acquisisce-la-dichiarazione-epd\/#primaryimage"},"thumbnailUrl":"https:\/\/restyling.exenia.eu\/wp-content\/uploads\/2023\/02\/epdi.jpg","articleSection":["Noticias"],"inLanguage":"es"},{"@type":"WebPage","@id":"https:\/\/restyling.exenia.eu\/news\/exenia-acquisisce-la-dichiarazione-epd\/","url":"https:\/\/restyling.exenia.eu\/news\/exenia-acquisisce-la-dichiarazione-epd\/","name":"Exenia adquiere la declaraci\u00f3n EPD | Exenia","isPartOf":{"@id":"https:\/\/restyling.exenia.eu\/#website"},"primaryImageOfPage":{"@id":"https:\/\/restyling.exenia.eu\/news\/exenia-acquisisce-la-dichiarazione-epd\/#primaryimage"},"image":{"@id":"https:\/\/restyling.exenia.eu\/news\/exenia-acquisisce-la-dichiarazione-epd\/#primaryimage"},"thumbnailUrl":"https:\/\/restyling.exenia.eu\/wp-content\/uploads\/2023\/02\/epdi.jpg","datePublished":"2023-01-25T08:22:00+00:00","dateModified":"2023-03-08T16:41:35+00:00","breadcrumb":{"@id":"https:\/\/restyling.exenia.eu\/news\/exenia-acquisisce-la-dichiarazione-epd\/#breadcrumb"},"inLanguage":"es","potentialAction":[{"@type":"ReadAction","target":["https:\/\/restyling.exenia.eu\/news\/exenia-acquisisce-la-dichiarazione-epd\/"]}]},{"@type":"ImageObject","inLanguage":"es","@id":"https:\/\/restyling.exenia.eu\/news\/exenia-acquisisce-la-dichiarazione-epd\/#primaryimage","url":"https:\/\/restyling.exenia.eu\/wp-content\/uploads\/2023\/02\/epdi.jpg","contentUrl":"https:\/\/restyling.exenia.eu\/wp-content\/uploads\/2023\/02\/epdi.jpg","width":1454,"height":912},{"@type":"BreadcrumbList","@id":"https:\/\/restyling.exenia.eu\/news\/exenia-acquisisce-la-dichiarazione-epd\/#breadcrumb","itemListElement":[{"@type":"ListItem","position":1,"name":"Home","item":"https:\/\/restyling.exenia.eu\/"},{"@type":"ListItem","position":2,"name":"News","item":"https:\/\/restyling.exenia.eu\/categoria\/news\/"},{"@type":"ListItem","position":3,"name":"Exenia adquiere la declaraci\u00f3n EPD"}]},{"@type":"WebSite","@id":"https:\/\/restyling.exenia.eu\/#website","url":"https:\/\/restyling.exenia.eu\/","name":"Exenia","description":"","publisher":{"@id":"https:\/\/restyling.exenia.eu\/#organization"},"potentialAction":[{"@type":"SearchAction","target":{"@type":"EntryPoint","urlTemplate":"https:\/\/restyling.exenia.eu\/?s={search_term_string}"},"query-input":{"@type":"PropertyValueSpecification","valueRequired":true,"valueName":"search_term_string"}}],"inLanguage":"es"},{"@type":"Organization","@id":"https:\/\/restyling.exenia.eu\/#organization","name":"Exenia","url":"https:\/\/restyling.exenia.eu\/","logo":{"@type":"ImageObject","inLanguage":"es","@id":"https:\/\/restyling.exenia.eu\/#\/schema\/logo\/image\/","url":"https:\/\/restyling.exenia.eu\/wp-content\/uploads\/2022\/09\/logo_exenia-e1678467519405.png","contentUrl":"https:\/\/restyling.exenia.eu\/wp-content\/uploads\/2022\/09\/logo_exenia-e1678467519405.png","width":600,"height":194,"caption":"Exenia"},"image":{"@id":"https:\/\/restyling.exenia.eu\/#\/schema\/logo\/image\/"},"sameAs":["https:\/\/www.facebook.com\/exenialighting","https:\/\/x.com\/ExeniaLighting"]},{"@type":"Person","@id":"https:\/\/restyling.exenia.eu\/#\/schema\/person\/419925b29d220601a295ae3b4af95d90","name":"admin","sameAs":["https:\/\/restyling.exenia.eu"]}]}},"_links":{"self":[{"href":"https:\/\/restyling.exenia.eu\/es\/wp-json\/wp\/v2\/posts\/26130","targetHints":{"allow":["GET"]}}],"collection":[{"href":"https:\/\/restyling.exenia.eu\/es\/wp-json\/wp\/v2\/posts"}],"about":[{"href":"https:\/\/restyling.exenia.eu\/es\/wp-json\/wp\/v2\/types\/post"}],"author":[{"embeddable":true,"href":"https:\/\/restyling.exenia.eu\/es\/wp-json\/wp\/v2\/users\/1"}],"replies":[{"embeddable":true,"href":"https:\/\/restyling.exenia.eu\/es\/wp-json\/wp\/v2\/comments?post=26130"}],"version-history":[{"count":0,"href":"https:\/\/restyling.exenia.eu\/es\/wp-json\/wp\/v2\/posts\/26130\/revisions"}],"wp:featuredmedia":[{"embeddable":true,"href":"https:\/\/restyling.exenia.eu\/es\/wp-json\/wp\/v2\/media\/26095"}],"wp:attachment":[{"href":"https:\/\/restyling.exenia.eu\/es\/wp-json\/wp\/v2\/media?parent=26130"}],"wp:term":[{"taxonomy":"category","embeddable":true,"href":"https:\/\/restyling.exenia.eu\/es\/wp-json\/wp\/v2\/categories?post=26130"},{"taxonomy":"post_tag","embeddable":true,"href":"https:\/\/restyling.exenia.eu\/es\/wp-json\/wp\/v2\/tags?post=26130"}],"curies":[{"name":"wp","href":"https:\/\/api.w.org\/{rel}","templated":true}]}}