{"id":26134,"date":"2022-12-07T09:32:00","date_gmt":"2022-12-07T08:32:00","guid":{"rendered":"https:\/\/www.exenia.eu\/exenia-e-orgogliosamente-certificata-iso-140012015\/"},"modified":"2023-02-10T10:22:27","modified_gmt":"2023-02-10T09:22:27","slug":"exenia-se-enorgullece-de-contar-con-la-certificacion-iso-140012015","status":"publish","type":"post","link":"https:\/\/restyling.exenia.eu\/es\/noticias\/exenia-se-enorgullece-de-contar-con-la-certificacion-iso-140012015\/","title":{"rendered":"Exenia se enorgullece de contar con la certificaci\u00f3n ISO 14001:2015"},"content":{"rendered":"\t\t<div data-elementor-type=\"wp-post\" data-elementor-id=\"26134\" class=\"elementor elementor-26134 elementor-26112\" wpc-filter-elementor-widget=\"1\" data-elementor-post-type=\"post\">\n\t\t\t\t\t\t<section class=\"elementor-section elementor-top-section elementor-element elementor-element-f3d8518 elementor-section-full_width elementor-section-height-default elementor-section-height-default\" data-id=\"f3d8518\" data-element_type=\"section\" data-e-type=\"section\">\n\t\t\t\t\t\t<div class=\"elementor-container elementor-column-gap-default\">\n\t\t\t\t\t<div class=\"elementor-column elementor-col-66 elementor-top-column elementor-element elementor-element-5ba9a01\" data-id=\"5ba9a01\" data-element_type=\"column\" data-e-type=\"column\">\n\t\t\t<div class=\"elementor-widget-wrap elementor-element-populated\">\n\t\t\t\t\t\t<div class=\"elementor-element elementor-element-d3eb4b5 elementor-widget elementor-widget-text-editor\" data-id=\"d3eb4b5\" data-element_type=\"widget\" data-e-type=\"widget\" data-widget_type=\"text-editor.default\">\n\t\t\t\t<div class=\"elementor-widget-container\">\n\t\t\t\t\t\t\t\t\t<p>ISO 14001 est\u00e1 reconocida internacionalmente como la norma de \nreferencia para los sistemas de gesti\u00f3n medioambiental. Proporciona un \nmarco de gesti\u00f3n para la integraci\u00f3n de las pr\u00e1cticas de gesti\u00f3n \nmedioambiental, persiguiendo la protecci\u00f3n del medio ambiente, la \nprevenci\u00f3n de la contaminaci\u00f3n y la reducci\u00f3n del consumo de energ\u00eda y \nrecursos. La norma ISO 14001 no prescribe ning\u00fan criterio espec\u00edfico de \ncomportamiento medioambiental per se, sino que se aplica a los aspectos \nmedioambientales que la organizaci\u00f3n identifica como aquellos que puede \ncontrolar y aquellos sobre los que puede ejercer influencia.<\/p>\n<p>Las ventajas potenciales de la norma ISO 14001 son numerosas, pero \nlas m\u00e1s significativas y tangibles son que la norma permite a su \norganizaci\u00f3n:<\/p>\n<p>Cree y aplique un sistema de gesti\u00f3n medioambiental dentro de un \nmarco bien definido y claro, que al mismo tiempo sea flexible a las \nnecesidades y expectativas de su empresa.<br>Disponer de una herramienta\n para mejorar los resultados medioambientales y de los medios para \nsupervisar y medir eficazmente dichos resultados.<br>Facilitar la \nreducci\u00f3n de la contaminaci\u00f3n, la generaci\u00f3n de residuos y los vertidos \ninvoluntarios al medio ambiente. Esto tambi\u00e9n incluye los impactos \nrelacionados con el producto, adoptando una perspectiva de ciclo de \nvida.<br>Mejorar la gesti\u00f3n de los recursos, incluido el uso de la \nenerg\u00eda, lo que tambi\u00e9n puede suponer una reducci\u00f3n de los costes de \nfuncionamiento de la empresa.<br>Cumplir mejor la legislaci\u00f3n medioambiental y los requisitos empresariales.<\/p>\t\t\t\t\t\t\t\t<\/div>\n\t\t\t\t<\/div>\n\t\t\t\t\t<\/div>\n\t\t<\/div>\n\t\t\t\t<div class=\"elementor-column elementor-col-33 elementor-top-column elementor-element elementor-element-61072f3\" data-id=\"61072f3\" data-element_type=\"column\" data-e-type=\"column\">\n\t\t\t<div class=\"elementor-widget-wrap elementor-element-populated\">\n\t\t\t\t\t\t<div class=\"elementor-element elementor-element-a21a22a dce_masking-none elementor-widget elementor-widget-image\" data-id=\"a21a22a\" data-element_type=\"widget\" data-e-type=\"widget\" data-widget_type=\"image.default\">\n\t\t\t\t<div class=\"elementor-widget-container\">\n\t\t\t\t\t\t\t\t\t\t\t\t\t\t\t\t<a href=\"https:\/\/restyling.exenia.eu\/wp-content\/uploads\/2023\/04\/News.jpg\" data-elementor-open-lightbox=\"yes\" data-elementor-lightbox-title=\"News\" data-e-action-hash=\"#elementor-action%3Aaction%3Dlightbox%26settings%3DeyJpZCI6MjYxMTQsInVybCI6Imh0dHBzOlwvXC9yZXN0eWxpbmcuZXhlbmlhLmV1XC93cC1jb250ZW50XC91cGxvYWRzXC8yMDIzXC8wNFwvTmV3cy1zY2FsZWQuanBnIn0%3D\">\n\t\t\t\t\t\t\t<img fetchpriority=\"high\" decoding=\"async\" width=\"800\" height=\"534\" src=\"https:\/\/restyling.exenia.eu\/wp-content\/uploads\/2023\/04\/News-1024x683.jpg\" class=\"attachment-large size-large wp-image-26114\" alt=\"\" srcset=\"https:\/\/restyling.exenia.eu\/wp-content\/uploads\/2023\/04\/News-1024x683.jpg 1024w, https:\/\/restyling.exenia.eu\/wp-content\/uploads\/2023\/04\/News-300x200.jpg 300w, https:\/\/restyling.exenia.eu\/wp-content\/uploads\/2023\/04\/News-768x512.jpg 768w, https:\/\/restyling.exenia.eu\/wp-content\/uploads\/2023\/04\/News-1536x1024.jpg 1536w, https:\/\/restyling.exenia.eu\/wp-content\/uploads\/2023\/04\/News-2048x1365.jpg 2048w\" sizes=\"(max-width: 800px) 100vw, 800px\" \/>\t\t\t\t\t\t\t\t<\/a>\n\t\t\t\t\t\t\t\t\t\t\t\t\t\t\t<\/div>\n\t\t\t\t<\/div>\n\t\t\t\t\t<\/div>\n\t\t<\/div>\n\t\t\t\t\t<\/div>\n\t\t<\/section>\n\t\t\t\t<\/div>\n\t\t","protected":false},"excerpt":{"rendered":"<p>ISO 14001 est\u00e1 reconocida internacionalmente como la norma de referencia&#8230;<\/p>\n","protected":false},"author":1,"featured_media":26118,"comment_status":"closed","ping_status":"closed","sticky":false,"template":"","format":"standard","meta":{"_acf_changed":false,"footnotes":""},"categories":[207],"tags":[],"class_list":["post-26134","post","type-post","status-publish","format-standard","has-post-thumbnail","hentry","category-noticias"],"acf":[],"yoast_head":"<!-- This site is optimized with the Yoast SEO plugin v27.4 - https:\/\/yoast.com\/product\/yoast-seo-wordpress\/ -->\n<title>Exenia se enorgullece de contar con la certificaci\u00f3n ISO 14001:2015 | Exenia<\/title>\n<meta name=\"robots\" content=\"noindex, follow, max-snippet:-1, max-image-preview:large, max-video-preview:-1\" \/>\n<meta property=\"og:locale\" content=\"es_ES\" \/>\n<meta property=\"og:type\" content=\"article\" \/>\n<meta property=\"og:title\" content=\"Exenia se enorgullece de contar con la certificaci\u00f3n ISO 14001:2015 | Exenia\" \/>\n<meta property=\"og:description\" content=\"ISO 14001 est\u00e1 reconocida internacionalmente como la norma de referencia...\" \/>\n<meta property=\"og:url\" content=\"https:\/\/restyling.exenia.eu\/news\/exenia-e-orgogliosamente-certificata-iso-140012015\/\" \/>\n<meta property=\"og:site_name\" content=\"Exenia\" \/>\n<meta property=\"article:publisher\" content=\"https:\/\/www.facebook.com\/exenialighting\" \/>\n<meta property=\"article:published_time\" content=\"2022-12-07T08:32:00+00:00\" \/>\n<meta property=\"article:modified_time\" content=\"2023-02-10T09:22:27+00:00\" \/>\n<meta property=\"og:image\" content=\"https:\/\/restyling.exenia.eu\/wp-content\/uploads\/2023\/04\/News-scaled.jpg\" \/>\n\t<meta property=\"og:image:width\" content=\"2560\" \/>\n\t<meta property=\"og:image:height\" content=\"1707\" \/>\n\t<meta property=\"og:image:type\" content=\"image\/jpeg\" \/>\n<meta name=\"author\" content=\"admin\" \/>\n<!-- \/ Yoast SEO plugin. -->","yoast_head_json":{"title":"Exenia se enorgullece de contar con la certificaci\u00f3n ISO 14001:2015 | Exenia","robots":{"index":"noindex","follow":"follow","max-snippet":"max-snippet:-1","max-image-preview":"max-image-preview:large","max-video-preview":"max-video-preview:-1"},"og_locale":"es_ES","og_type":"article","og_title":"Exenia se enorgullece de contar con la certificaci\u00f3n ISO 14001:2015 | Exenia","og_description":"ISO 14001 est\u00e1 reconocida internacionalmente como la norma de referencia...","og_url":"https:\/\/restyling.exenia.eu\/news\/exenia-e-orgogliosamente-certificata-iso-140012015\/","og_site_name":"Exenia","article_publisher":"https:\/\/www.facebook.com\/exenialighting","article_published_time":"2022-12-07T08:32:00+00:00","article_modified_time":"2023-02-10T09:22:27+00:00","og_image":[{"width":2560,"height":1707,"url":"https:\/\/restyling.exenia.eu\/wp-content\/uploads\/2023\/04\/News-scaled.jpg","type":"image\/jpeg"}],"author":"admin","schema":{"@context":"https:\/\/schema.org","@graph":[{"@type":"Article","@id":"https:\/\/restyling.exenia.eu\/news\/exenia-e-orgogliosamente-certificata-iso-140012015\/#article","isPartOf":{"@id":"https:\/\/restyling.exenia.eu\/news\/exenia-e-orgogliosamente-certificata-iso-140012015\/"},"author":{"name":"admin","@id":"https:\/\/restyling.exenia.eu\/#\/schema\/person\/419925b29d220601a295ae3b4af95d90"},"headline":"Exenia se enorgullece de contar con la certificaci\u00f3n ISO 14001:2015","datePublished":"2022-12-07T08:32:00+00:00","dateModified":"2023-02-10T09:22:27+00:00","mainEntityOfPage":{"@id":"https:\/\/restyling.exenia.eu\/news\/exenia-e-orgogliosamente-certificata-iso-140012015\/"},"wordCount":264,"publisher":{"@id":"https:\/\/restyling.exenia.eu\/#organization"},"image":{"@id":"https:\/\/restyling.exenia.eu\/news\/exenia-e-orgogliosamente-certificata-iso-140012015\/#primaryimage"},"thumbnailUrl":"https:\/\/restyling.exenia.eu\/wp-content\/uploads\/2023\/04\/News-scaled.jpg","articleSection":["Noticias"],"inLanguage":"es"},{"@type":"WebPage","@id":"https:\/\/restyling.exenia.eu\/news\/exenia-e-orgogliosamente-certificata-iso-140012015\/","url":"https:\/\/restyling.exenia.eu\/news\/exenia-e-orgogliosamente-certificata-iso-140012015\/","name":"Exenia se enorgullece de contar con la certificaci\u00f3n ISO 14001:2015 | Exenia","isPartOf":{"@id":"https:\/\/restyling.exenia.eu\/#website"},"primaryImageOfPage":{"@id":"https:\/\/restyling.exenia.eu\/news\/exenia-e-orgogliosamente-certificata-iso-140012015\/#primaryimage"},"image":{"@id":"https:\/\/restyling.exenia.eu\/news\/exenia-e-orgogliosamente-certificata-iso-140012015\/#primaryimage"},"thumbnailUrl":"https:\/\/restyling.exenia.eu\/wp-content\/uploads\/2023\/04\/News-scaled.jpg","datePublished":"2022-12-07T08:32:00+00:00","dateModified":"2023-02-10T09:22:27+00:00","breadcrumb":{"@id":"https:\/\/restyling.exenia.eu\/news\/exenia-e-orgogliosamente-certificata-iso-140012015\/#breadcrumb"},"inLanguage":"es","potentialAction":[{"@type":"ReadAction","target":["https:\/\/restyling.exenia.eu\/news\/exenia-e-orgogliosamente-certificata-iso-140012015\/"]}]},{"@type":"ImageObject","inLanguage":"es","@id":"https:\/\/restyling.exenia.eu\/news\/exenia-e-orgogliosamente-certificata-iso-140012015\/#primaryimage","url":"https:\/\/restyling.exenia.eu\/wp-content\/uploads\/2023\/04\/News-scaled.jpg","contentUrl":"https:\/\/restyling.exenia.eu\/wp-content\/uploads\/2023\/04\/News-scaled.jpg","width":2560,"height":1707},{"@type":"BreadcrumbList","@id":"https:\/\/restyling.exenia.eu\/news\/exenia-e-orgogliosamente-certificata-iso-140012015\/#breadcrumb","itemListElement":[{"@type":"ListItem","position":1,"name":"Home","item":"https:\/\/restyling.exenia.eu\/"},{"@type":"ListItem","position":2,"name":"News","item":"https:\/\/restyling.exenia.eu\/categoria\/news\/"},{"@type":"ListItem","position":3,"name":"Exenia se enorgullece de contar con la certificaci\u00f3n ISO 14001:2015"}]},{"@type":"WebSite","@id":"https:\/\/restyling.exenia.eu\/#website","url":"https:\/\/restyling.exenia.eu\/","name":"Exenia","description":"","publisher":{"@id":"https:\/\/restyling.exenia.eu\/#organization"},"potentialAction":[{"@type":"SearchAction","target":{"@type":"EntryPoint","urlTemplate":"https:\/\/restyling.exenia.eu\/?s={search_term_string}"},"query-input":{"@type":"PropertyValueSpecification","valueRequired":true,"valueName":"search_term_string"}}],"inLanguage":"es"},{"@type":"Organization","@id":"https:\/\/restyling.exenia.eu\/#organization","name":"Exenia","url":"https:\/\/restyling.exenia.eu\/","logo":{"@type":"ImageObject","inLanguage":"es","@id":"https:\/\/restyling.exenia.eu\/#\/schema\/logo\/image\/","url":"https:\/\/restyling.exenia.eu\/wp-content\/uploads\/2022\/09\/logo_exenia-e1678467519405.png","contentUrl":"https:\/\/restyling.exenia.eu\/wp-content\/uploads\/2022\/09\/logo_exenia-e1678467519405.png","width":600,"height":194,"caption":"Exenia"},"image":{"@id":"https:\/\/restyling.exenia.eu\/#\/schema\/logo\/image\/"},"sameAs":["https:\/\/www.facebook.com\/exenialighting","https:\/\/x.com\/ExeniaLighting"]},{"@type":"Person","@id":"https:\/\/restyling.exenia.eu\/#\/schema\/person\/419925b29d220601a295ae3b4af95d90","name":"admin","sameAs":["https:\/\/restyling.exenia.eu"]}]}},"_links":{"self":[{"href":"https:\/\/restyling.exenia.eu\/es\/wp-json\/wp\/v2\/posts\/26134","targetHints":{"allow":["GET"]}}],"collection":[{"href":"https:\/\/restyling.exenia.eu\/es\/wp-json\/wp\/v2\/posts"}],"about":[{"href":"https:\/\/restyling.exenia.eu\/es\/wp-json\/wp\/v2\/types\/post"}],"author":[{"embeddable":true,"href":"https:\/\/restyling.exenia.eu\/es\/wp-json\/wp\/v2\/users\/1"}],"replies":[{"embeddable":true,"href":"https:\/\/restyling.exenia.eu\/es\/wp-json\/wp\/v2\/comments?post=26134"}],"version-history":[{"count":0,"href":"https:\/\/restyling.exenia.eu\/es\/wp-json\/wp\/v2\/posts\/26134\/revisions"}],"wp:featuredmedia":[{"embeddable":true,"href":"https:\/\/restyling.exenia.eu\/es\/wp-json\/wp\/v2\/media\/26118"}],"wp:attachment":[{"href":"https:\/\/restyling.exenia.eu\/es\/wp-json\/wp\/v2\/media?parent=26134"}],"wp:term":[{"taxonomy":"category","embeddable":true,"href":"https:\/\/restyling.exenia.eu\/es\/wp-json\/wp\/v2\/categories?post=26134"},{"taxonomy":"post_tag","embeddable":true,"href":"https:\/\/restyling.exenia.eu\/es\/wp-json\/wp\/v2\/tags?post=26134"}],"curies":[{"name":"wp","href":"https:\/\/api.w.org\/{rel}","templated":true}]}}