{"id":50627,"date":"2023-09-20T11:38:29","date_gmt":"2023-09-20T09:38:29","guid":{"rendered":"https:\/\/www.exenia.eu\/?p=50627"},"modified":"2023-10-10T14:14:05","modified_gmt":"2023-10-10T12:14:05","slug":"exenia-ilumina-el-museo-jago","status":"publish","type":"post","link":"https:\/\/restyling.exenia.eu\/es\/noticias\/exenia-ilumina-el-museo-jago\/","title":{"rendered":"Exenia ilumina el Museo Jago"},"content":{"rendered":"<p><em>\u00abObservo mi entorno, le doy forma y lo comparto\u00bb<\/em><br>JAGO<\/p><p>La iglesia de Sant&#8217;Aspreno ai Crociferi de N\u00e1poles, que llevaba muchos a\u00f1os en estado de abandono, fue completamente renovada por JAGO y ahora es el museo-taller privado del joven y brillante artista.<\/p><p>Jago se mide con el material por excelencia del arte cl\u00e1sico, el m\u00e1rmol. En el bello marco de la iglesia, las obras se funden con la arquitectura y parecen haber estado all\u00ed desde siempre.<\/p><p>La tarea de la luz es severa. Las esculturas deben ocupar un lugar central en un espacio completamente blanco.<br>Para conseguir la iluminaci\u00f3n adecuada -el justo equilibrio entre sombra y luz, entre campo y contracampo- era necesario encontrar una soluci\u00f3n de iluminaci\u00f3n inspirada en el modelo cl\u00e1sico, recreando el efecto producido por la luz natural que entra por una ventana.<\/p><p>Para cumplir estos requisitos, Light Company, el estudio de dise\u00f1o de iluminaci\u00f3n responsable del proyecto, opt\u00f3 por trabajar con nuestro proyector SPOT REVO MAX 230, cuyas caracter\u00edsticas permitieron lograr un resultado emocionante y satisfactorio en todas las expectativas del proyecto.<\/p>","protected":false},"excerpt":{"rendered":"<p>\u00abObservo mi entorno, le doy forma y lo comparto\u00bbJAGO La&#8230;<\/p>\n","protected":false},"author":2,"featured_media":50552,"comment_status":"closed","ping_status":"closed","sticky":false,"template":"","format":"standard","meta":{"_acf_changed":false,"footnotes":""},"categories":[207],"tags":[],"class_list":["post-50627","post","type-post","status-publish","format-standard","has-post-thumbnail","hentry","category-noticias"],"acf":[],"yoast_head":"<!-- This site is optimized with the Yoast SEO plugin v27.5 - https:\/\/yoast.com\/product\/yoast-seo-wordpress\/ -->\n<title>Exenia ilumina el Museo Jago | Exenia<\/title>\n<meta name=\"robots\" content=\"noindex, follow, max-snippet:-1, max-image-preview:large, max-video-preview:-1\" \/>\n<meta property=\"og:locale\" content=\"es_ES\" \/>\n<meta property=\"og:type\" content=\"article\" \/>\n<meta property=\"og:title\" content=\"Exenia ilumina el Museo Jago | Exenia\" \/>\n<meta property=\"og:description\" content=\"\u00abObservo mi entorno, le doy forma y lo comparto\u00bbJAGO La...\" \/>\n<meta property=\"og:url\" content=\"https:\/\/restyling.exenia.eu\/news\/exenia-illumina-il-museo-di-jago\/\" \/>\n<meta property=\"og:site_name\" content=\"Exenia\" \/>\n<meta property=\"article:publisher\" content=\"https:\/\/www.facebook.com\/exenialighting\" \/>\n<meta property=\"article:published_time\" content=\"2023-09-20T09:38:29+00:00\" \/>\n<meta property=\"article:modified_time\" content=\"2023-10-10T12:14:05+00:00\" \/>\n<meta property=\"og:image\" content=\"https:\/\/restyling.exenia.eu\/wp-content\/uploads\/2023\/09\/1-jago-museum-ivanrossi-417-scaled.jpg\" \/>\n\t<meta property=\"og:image:width\" content=\"2560\" \/>\n\t<meta property=\"og:image:height\" content=\"1920\" \/>\n\t<meta property=\"og:image:type\" content=\"image\/jpeg\" \/>\n<meta name=\"author\" content=\"Exenia\" \/>\n<!-- \/ Yoast SEO plugin. -->","yoast_head_json":{"title":"Exenia ilumina el Museo Jago | Exenia","robots":{"index":"noindex","follow":"follow","max-snippet":"max-snippet:-1","max-image-preview":"max-image-preview:large","max-video-preview":"max-video-preview:-1"},"og_locale":"es_ES","og_type":"article","og_title":"Exenia ilumina el Museo Jago | Exenia","og_description":"\u00abObservo mi entorno, le doy forma y lo comparto\u00bbJAGO La...","og_url":"https:\/\/restyling.exenia.eu\/news\/exenia-illumina-il-museo-di-jago\/","og_site_name":"Exenia","article_publisher":"https:\/\/www.facebook.com\/exenialighting","article_published_time":"2023-09-20T09:38:29+00:00","article_modified_time":"2023-10-10T12:14:05+00:00","og_image":[{"width":2560,"height":1920,"url":"https:\/\/restyling.exenia.eu\/wp-content\/uploads\/2023\/09\/1-jago-museum-ivanrossi-417-scaled.jpg","type":"image\/jpeg"}],"author":"Exenia","schema":{"@context":"https:\/\/schema.org","@graph":[{"@type":"Article","@id":"https:\/\/restyling.exenia.eu\/news\/exenia-illumina-il-museo-di-jago\/#article","isPartOf":{"@id":"https:\/\/restyling.exenia.eu\/news\/exenia-illumina-il-museo-di-jago\/"},"author":{"name":"Exenia","@id":"https:\/\/restyling.exenia.eu\/#\/schema\/person\/162807301a776fe5ebcf59ba12d114bd"},"headline":"Exenia ilumina el Museo Jago","datePublished":"2023-09-20T09:38:29+00:00","dateModified":"2023-10-10T12:14:05+00:00","mainEntityOfPage":{"@id":"https:\/\/restyling.exenia.eu\/news\/exenia-illumina-il-museo-di-jago\/"},"wordCount":192,"publisher":{"@id":"https:\/\/restyling.exenia.eu\/#organization"},"image":{"@id":"https:\/\/restyling.exenia.eu\/news\/exenia-illumina-il-museo-di-jago\/#primaryimage"},"thumbnailUrl":"https:\/\/restyling.exenia.eu\/wp-content\/uploads\/2023\/09\/1-jago-museum-ivanrossi-417-scaled.jpg","articleSection":["Noticias"],"inLanguage":"es"},{"@type":"WebPage","@id":"https:\/\/restyling.exenia.eu\/news\/exenia-illumina-il-museo-di-jago\/","url":"https:\/\/restyling.exenia.eu\/news\/exenia-illumina-il-museo-di-jago\/","name":"Exenia ilumina el Museo Jago | Exenia","isPartOf":{"@id":"https:\/\/restyling.exenia.eu\/#website"},"primaryImageOfPage":{"@id":"https:\/\/restyling.exenia.eu\/news\/exenia-illumina-il-museo-di-jago\/#primaryimage"},"image":{"@id":"https:\/\/restyling.exenia.eu\/news\/exenia-illumina-il-museo-di-jago\/#primaryimage"},"thumbnailUrl":"https:\/\/restyling.exenia.eu\/wp-content\/uploads\/2023\/09\/1-jago-museum-ivanrossi-417-scaled.jpg","datePublished":"2023-09-20T09:38:29+00:00","dateModified":"2023-10-10T12:14:05+00:00","breadcrumb":{"@id":"https:\/\/restyling.exenia.eu\/news\/exenia-illumina-il-museo-di-jago\/#breadcrumb"},"inLanguage":"es","potentialAction":[{"@type":"ReadAction","target":["https:\/\/restyling.exenia.eu\/news\/exenia-illumina-il-museo-di-jago\/"]}]},{"@type":"ImageObject","inLanguage":"es","@id":"https:\/\/restyling.exenia.eu\/news\/exenia-illumina-il-museo-di-jago\/#primaryimage","url":"https:\/\/restyling.exenia.eu\/wp-content\/uploads\/2023\/09\/1-jago-museum-ivanrossi-417-scaled.jpg","contentUrl":"https:\/\/restyling.exenia.eu\/wp-content\/uploads\/2023\/09\/1-jago-museum-ivanrossi-417-scaled.jpg","width":2560,"height":1920,"caption":"Museo Jago"},{"@type":"BreadcrumbList","@id":"https:\/\/restyling.exenia.eu\/news\/exenia-illumina-il-museo-di-jago\/#breadcrumb","itemListElement":[{"@type":"ListItem","position":1,"name":"Home","item":"https:\/\/restyling.exenia.eu\/"},{"@type":"ListItem","position":2,"name":"News","item":"https:\/\/restyling.exenia.eu\/categoria\/news\/"},{"@type":"ListItem","position":3,"name":"Exenia ilumina el Museo Jago"}]},{"@type":"WebSite","@id":"https:\/\/restyling.exenia.eu\/#website","url":"https:\/\/restyling.exenia.eu\/","name":"Exenia","description":"","publisher":{"@id":"https:\/\/restyling.exenia.eu\/#organization"},"potentialAction":[{"@type":"SearchAction","target":{"@type":"EntryPoint","urlTemplate":"https:\/\/restyling.exenia.eu\/?s={search_term_string}"},"query-input":{"@type":"PropertyValueSpecification","valueRequired":true,"valueName":"search_term_string"}}],"inLanguage":"es"},{"@type":"Organization","@id":"https:\/\/restyling.exenia.eu\/#organization","name":"Exenia","url":"https:\/\/restyling.exenia.eu\/","logo":{"@type":"ImageObject","inLanguage":"es","@id":"https:\/\/restyling.exenia.eu\/#\/schema\/logo\/image\/","url":"https:\/\/restyling.exenia.eu\/wp-content\/uploads\/2022\/09\/logo_exenia-e1678467519405.png","contentUrl":"https:\/\/restyling.exenia.eu\/wp-content\/uploads\/2022\/09\/logo_exenia-e1678467519405.png","width":600,"height":194,"caption":"Exenia"},"image":{"@id":"https:\/\/restyling.exenia.eu\/#\/schema\/logo\/image\/"},"sameAs":["https:\/\/www.facebook.com\/exenialighting","https:\/\/x.com\/ExeniaLighting"]},{"@type":"Person","@id":"https:\/\/restyling.exenia.eu\/#\/schema\/person\/162807301a776fe5ebcf59ba12d114bd","name":"Exenia"}]}},"_links":{"self":[{"href":"https:\/\/restyling.exenia.eu\/es\/wp-json\/wp\/v2\/posts\/50627","targetHints":{"allow":["GET"]}}],"collection":[{"href":"https:\/\/restyling.exenia.eu\/es\/wp-json\/wp\/v2\/posts"}],"about":[{"href":"https:\/\/restyling.exenia.eu\/es\/wp-json\/wp\/v2\/types\/post"}],"author":[{"embeddable":true,"href":"https:\/\/restyling.exenia.eu\/es\/wp-json\/wp\/v2\/users\/2"}],"replies":[{"embeddable":true,"href":"https:\/\/restyling.exenia.eu\/es\/wp-json\/wp\/v2\/comments?post=50627"}],"version-history":[{"count":0,"href":"https:\/\/restyling.exenia.eu\/es\/wp-json\/wp\/v2\/posts\/50627\/revisions"}],"wp:featuredmedia":[{"embeddable":true,"href":"https:\/\/restyling.exenia.eu\/es\/wp-json\/wp\/v2\/media\/50552"}],"wp:attachment":[{"href":"https:\/\/restyling.exenia.eu\/es\/wp-json\/wp\/v2\/media?parent=50627"}],"wp:term":[{"taxonomy":"category","embeddable":true,"href":"https:\/\/restyling.exenia.eu\/es\/wp-json\/wp\/v2\/categories?post=50627"},{"taxonomy":"post_tag","embeddable":true,"href":"https:\/\/restyling.exenia.eu\/es\/wp-json\/wp\/v2\/tags?post=50627"}],"curies":[{"name":"wp","href":"https:\/\/api.w.org\/{rel}","templated":true}]}}