{"id":51874,"date":"2024-02-06T16:33:00","date_gmt":"2024-02-06T15:33:00","guid":{"rendered":"https:\/\/www.exenia.eu\/?p=51874"},"modified":"2024-02-13T17:48:05","modified_gmt":"2024-02-13T16:48:05","slug":"exenia-partecipa-alla-fiera-lightingbuilding-2024","status":"publish","type":"post","link":"https:\/\/restyling.exenia.eu\/es\/noticias\/exenia-partecipa-alla-fiera-lightingbuilding-2024\/","title":{"rendered":"Exenia participa en la feria light+building 2024"},"content":{"rendered":"\t\t<div data-elementor-type=\"wp-post\" data-elementor-id=\"51874\" class=\"elementor elementor-51874 elementor-51824\" wpc-filter-elementor-widget=\"1\" data-elementor-post-type=\"post\">\n\t\t\t\t\t\t<section class=\"elementor-section elementor-top-section elementor-element elementor-element-5b5f1871 elementor-section-boxed elementor-section-height-default elementor-section-height-default\" data-id=\"5b5f1871\" data-element_type=\"section\" data-e-type=\"section\">\n\t\t\t\t\t\t<div class=\"elementor-container elementor-column-gap-default\">\n\t\t\t\t\t<div class=\"elementor-column elementor-col-100 elementor-top-column elementor-element elementor-element-37b29b31\" data-id=\"37b29b31\" data-element_type=\"column\" data-e-type=\"column\">\n\t\t\t<div class=\"elementor-widget-wrap elementor-element-populated\">\n\t\t\t\t\t\t<div class=\"elementor-element elementor-element-464cede5 elementor-widget__width-initial elementor-widget elementor-widget-text-editor\" data-id=\"464cede5\" data-element_type=\"widget\" data-e-type=\"widget\" data-widget_type=\"text-editor.default\">\n\t\t\t\t<div class=\"elementor-widget-container\">\n\t\t\t\t\t\t\t\t\t<figure class=\"wp-block-image size-large\"><img fetchpriority=\"high\" decoding=\"async\" width=\"1024\" height=\"642\" class=\"wp-image-51786\" src=\"https:\/\/www.exenia.eu\/exenia-staging\/wp-content\/uploads\/2024\/02\/WEB-1024x642.jpg\" alt=\"\" srcset=\"https:\/\/restyling.exenia.eu\/wp-content\/uploads\/2024\/02\/WEB-1024x642.jpg 1024w, https:\/\/restyling.exenia.eu\/wp-content\/uploads\/2024\/02\/WEB-300x188.jpg 300w, https:\/\/restyling.exenia.eu\/wp-content\/uploads\/2024\/02\/WEB-768x481.jpg 768w, https:\/\/restyling.exenia.eu\/wp-content\/uploads\/2024\/02\/WEB-1536x962.jpg 1536w, https:\/\/restyling.exenia.eu\/wp-content\/uploads\/2024\/02\/WEB-2048x1283.jpg 2048w\" sizes=\"(max-width: 1024px) 100vw, 1024px\" \/><\/figure><hr class=\"wp-block-separator has-alpha-channel-opacity is-style-dots\" \/><p>Nos complace anunciar nuestra participaci\u00f3n en la feria Light+Building 2024, que se celebrar\u00e1 en Fr\u00e1ncfort del 3 al 8 de marzo.<\/p><p>Ser\u00e1 una oportunidad especial para conocer de cerca las prestaciones y la tecnolog\u00eda de nuestros productos, contextualizados en diferentes<br \/>\u00e1mbitos de aplicaci\u00f3n: desde lugares de culto a comercios, desde hosteler\u00eda a hogares, desde educaci\u00f3n a oficinas.<\/p><p>En la sala negra instalada en nuestro stand, ser\u00e1 posible participar en la Live Optical Experience, una sesi\u00f3n de demostraci\u00f3n<br \/>de \u00f3ptica REVO.<\/p><p>Una experiencia interactiva en la que podr\u00e1 hacer preguntas a nuestros profesionales y aprender m\u00e1s sobre las caracter\u00edsticas especiales<br \/>de nuestras tecnolog\u00edas. Una oportunidad \u00fanica para obtener una visi\u00f3n completa del potencial de nuestras \u00f3pticas REVO.<\/p><p>\u00a1No se pierda esta oportunidad!<\/p><div class=\"wp-block-buttons\"><div class=\"wp-block-button has-custom-font-size is-style-fill\" style=\"font-size: 20px\"><span style=\"color: #ffffff\"><br \/><a class=\"wp-block-button__link has-white-color has-text-color has-background has-link-color wp-element-button\" style=\"background-color: #998454;color: #ffffff\" href=\"https:\/\/outlook.office365.com\/owa\/calendar\/Exenia1@Lumenpulse.onmicrosoft.com\/bookings\/\">RESERVA<\/a><\/span><\/div><\/div><hr class=\"wp-block-separator has-alpha-channel-opacity is-style-dots\" \/><p><br \/>*Si las plazas disponibles est\u00e1n agotadas, p\u00f3ngase en contacto con reception@exenia.eu y reserve con uno de nuestros comerciales disponibles.<br \/>disponibles.<\/p><p><strong>\u00bfNo tiene entrada para la feria?<\/strong><br \/>Si a\u00fan no tiene entrada para la feria, p\u00f3ngase en contacto con mkt@exenia.eu para obtener una gratuitamente.<\/p>\t\t\t\t\t\t\t\t<\/div>\n\t\t\t\t<\/div>\n\t\t\t\t\t<\/div>\n\t\t<\/div>\n\t\t\t\t\t<\/div>\n\t\t<\/section>\n\t\t\t\t<\/div>\n\t\t","protected":false},"excerpt":{"rendered":"<p>Nos complace anunciar nuestra participaci\u00f3n en la feria Light+Building 2024,&#8230;<\/p>\n","protected":false},"author":2,"featured_media":51936,"comment_status":"closed","ping_status":"closed","sticky":false,"template":"","format":"standard","meta":{"_acf_changed":false,"footnotes":""},"categories":[207],"tags":[],"class_list":["post-51874","post","type-post","status-publish","format-standard","has-post-thumbnail","hentry","category-noticias"],"acf":[],"yoast_head":"<!-- This site is optimized with the Yoast SEO plugin v27.5 - https:\/\/yoast.com\/product\/yoast-seo-wordpress\/ -->\n<title>Exenia participa en la feria light+building 2024 | Exenia<\/title>\n<meta name=\"robots\" content=\"noindex, follow, max-snippet:-1, max-image-preview:large, max-video-preview:-1\" \/>\n<meta property=\"og:locale\" content=\"es_ES\" \/>\n<meta property=\"og:type\" content=\"article\" \/>\n<meta property=\"og:title\" content=\"Exenia participa en la feria light+building 2024 | Exenia\" \/>\n<meta property=\"og:description\" content=\"Nos complace anunciar nuestra participaci\u00f3n en la feria Light+Building 2024,...\" \/>\n<meta property=\"og:url\" content=\"https:\/\/restyling.exenia.eu\/news\/exenia-partecipa-alla-fiera-lightingbuilding-2024\/\" \/>\n<meta property=\"og:site_name\" content=\"Exenia\" \/>\n<meta property=\"article:publisher\" content=\"https:\/\/www.facebook.com\/exenialighting\" \/>\n<meta property=\"article:published_time\" content=\"2024-02-06T15:33:00+00:00\" \/>\n<meta property=\"article:modified_time\" content=\"2024-02-13T16:48:05+00:00\" \/>\n<meta property=\"og:image\" content=\"https:\/\/restyling.exenia.eu\/wp-content\/uploads\/2023\/04\/Bannerone.jpg\" \/>\n\t<meta property=\"og:image:width\" content=\"2200\" \/>\n\t<meta property=\"og:image:height\" content=\"1723\" \/>\n\t<meta property=\"og:image:type\" content=\"image\/jpeg\" \/>\n<meta name=\"author\" content=\"Exenia\" \/>\n<!-- \/ Yoast SEO plugin. -->","yoast_head_json":{"title":"Exenia participa en la feria light+building 2024 | Exenia","robots":{"index":"noindex","follow":"follow","max-snippet":"max-snippet:-1","max-image-preview":"max-image-preview:large","max-video-preview":"max-video-preview:-1"},"og_locale":"es_ES","og_type":"article","og_title":"Exenia participa en la feria light+building 2024 | Exenia","og_description":"Nos complace anunciar nuestra participaci\u00f3n en la feria Light+Building 2024,...","og_url":"https:\/\/restyling.exenia.eu\/news\/exenia-partecipa-alla-fiera-lightingbuilding-2024\/","og_site_name":"Exenia","article_publisher":"https:\/\/www.facebook.com\/exenialighting","article_published_time":"2024-02-06T15:33:00+00:00","article_modified_time":"2024-02-13T16:48:05+00:00","og_image":[{"width":2200,"height":1723,"url":"https:\/\/restyling.exenia.eu\/wp-content\/uploads\/2023\/04\/Bannerone.jpg","type":"image\/jpeg"}],"author":"Exenia","schema":{"@context":"https:\/\/schema.org","@graph":[{"@type":"Article","@id":"https:\/\/restyling.exenia.eu\/news\/exenia-partecipa-alla-fiera-lightingbuilding-2024\/#article","isPartOf":{"@id":"https:\/\/restyling.exenia.eu\/news\/exenia-partecipa-alla-fiera-lightingbuilding-2024\/"},"author":{"name":"Exenia","@id":"https:\/\/restyling.exenia.eu\/#\/schema\/person\/162807301a776fe5ebcf59ba12d114bd"},"headline":"Exenia participa en la feria light+building 2024","datePublished":"2024-02-06T15:33:00+00:00","dateModified":"2024-02-13T16:48:05+00:00","mainEntityOfPage":{"@id":"https:\/\/restyling.exenia.eu\/news\/exenia-partecipa-alla-fiera-lightingbuilding-2024\/"},"wordCount":188,"publisher":{"@id":"https:\/\/restyling.exenia.eu\/#organization"},"image":{"@id":"https:\/\/restyling.exenia.eu\/news\/exenia-partecipa-alla-fiera-lightingbuilding-2024\/#primaryimage"},"thumbnailUrl":"https:\/\/restyling.exenia.eu\/wp-content\/uploads\/2023\/04\/Bannerone.jpg","articleSection":["Noticias"],"inLanguage":"es"},{"@type":"WebPage","@id":"https:\/\/restyling.exenia.eu\/news\/exenia-partecipa-alla-fiera-lightingbuilding-2024\/","url":"https:\/\/restyling.exenia.eu\/news\/exenia-partecipa-alla-fiera-lightingbuilding-2024\/","name":"Exenia participa en la feria light+building 2024 | Exenia","isPartOf":{"@id":"https:\/\/restyling.exenia.eu\/#website"},"primaryImageOfPage":{"@id":"https:\/\/restyling.exenia.eu\/news\/exenia-partecipa-alla-fiera-lightingbuilding-2024\/#primaryimage"},"image":{"@id":"https:\/\/restyling.exenia.eu\/news\/exenia-partecipa-alla-fiera-lightingbuilding-2024\/#primaryimage"},"thumbnailUrl":"https:\/\/restyling.exenia.eu\/wp-content\/uploads\/2023\/04\/Bannerone.jpg","datePublished":"2024-02-06T15:33:00+00:00","dateModified":"2024-02-13T16:48:05+00:00","breadcrumb":{"@id":"https:\/\/restyling.exenia.eu\/news\/exenia-partecipa-alla-fiera-lightingbuilding-2024\/#breadcrumb"},"inLanguage":"es","potentialAction":[{"@type":"ReadAction","target":["https:\/\/restyling.exenia.eu\/news\/exenia-partecipa-alla-fiera-lightingbuilding-2024\/"]}]},{"@type":"ImageObject","inLanguage":"es","@id":"https:\/\/restyling.exenia.eu\/news\/exenia-partecipa-alla-fiera-lightingbuilding-2024\/#primaryimage","url":"https:\/\/restyling.exenia.eu\/wp-content\/uploads\/2023\/04\/Bannerone.jpg","contentUrl":"https:\/\/restyling.exenia.eu\/wp-content\/uploads\/2023\/04\/Bannerone.jpg","width":2200,"height":1723},{"@type":"BreadcrumbList","@id":"https:\/\/restyling.exenia.eu\/news\/exenia-partecipa-alla-fiera-lightingbuilding-2024\/#breadcrumb","itemListElement":[{"@type":"ListItem","position":1,"name":"Home","item":"https:\/\/restyling.exenia.eu\/"},{"@type":"ListItem","position":2,"name":"News","item":"https:\/\/restyling.exenia.eu\/categoria\/news\/"},{"@type":"ListItem","position":3,"name":"Exenia participa en la feria light+building 2024"}]},{"@type":"WebSite","@id":"https:\/\/restyling.exenia.eu\/#website","url":"https:\/\/restyling.exenia.eu\/","name":"Exenia","description":"","publisher":{"@id":"https:\/\/restyling.exenia.eu\/#organization"},"potentialAction":[{"@type":"SearchAction","target":{"@type":"EntryPoint","urlTemplate":"https:\/\/restyling.exenia.eu\/?s={search_term_string}"},"query-input":{"@type":"PropertyValueSpecification","valueRequired":true,"valueName":"search_term_string"}}],"inLanguage":"es"},{"@type":"Organization","@id":"https:\/\/restyling.exenia.eu\/#organization","name":"Exenia","url":"https:\/\/restyling.exenia.eu\/","logo":{"@type":"ImageObject","inLanguage":"es","@id":"https:\/\/restyling.exenia.eu\/#\/schema\/logo\/image\/","url":"https:\/\/restyling.exenia.eu\/wp-content\/uploads\/2022\/09\/logo_exenia-e1678467519405.png","contentUrl":"https:\/\/restyling.exenia.eu\/wp-content\/uploads\/2022\/09\/logo_exenia-e1678467519405.png","width":600,"height":194,"caption":"Exenia"},"image":{"@id":"https:\/\/restyling.exenia.eu\/#\/schema\/logo\/image\/"},"sameAs":["https:\/\/www.facebook.com\/exenialighting","https:\/\/x.com\/ExeniaLighting"]},{"@type":"Person","@id":"https:\/\/restyling.exenia.eu\/#\/schema\/person\/162807301a776fe5ebcf59ba12d114bd","name":"Exenia"}]}},"_links":{"self":[{"href":"https:\/\/restyling.exenia.eu\/es\/wp-json\/wp\/v2\/posts\/51874","targetHints":{"allow":["GET"]}}],"collection":[{"href":"https:\/\/restyling.exenia.eu\/es\/wp-json\/wp\/v2\/posts"}],"about":[{"href":"https:\/\/restyling.exenia.eu\/es\/wp-json\/wp\/v2\/types\/post"}],"author":[{"embeddable":true,"href":"https:\/\/restyling.exenia.eu\/es\/wp-json\/wp\/v2\/users\/2"}],"replies":[{"embeddable":true,"href":"https:\/\/restyling.exenia.eu\/es\/wp-json\/wp\/v2\/comments?post=51874"}],"version-history":[{"count":0,"href":"https:\/\/restyling.exenia.eu\/es\/wp-json\/wp\/v2\/posts\/51874\/revisions"}],"wp:featuredmedia":[{"embeddable":true,"href":"https:\/\/restyling.exenia.eu\/es\/wp-json\/wp\/v2\/media\/51936"}],"wp:attachment":[{"href":"https:\/\/restyling.exenia.eu\/es\/wp-json\/wp\/v2\/media?parent=51874"}],"wp:term":[{"taxonomy":"category","embeddable":true,"href":"https:\/\/restyling.exenia.eu\/es\/wp-json\/wp\/v2\/categories?post=51874"},{"taxonomy":"post_tag","embeddable":true,"href":"https:\/\/restyling.exenia.eu\/es\/wp-json\/wp\/v2\/tags?post=51874"}],"curies":[{"name":"wp","href":"https:\/\/api.w.org\/{rel}","templated":true}]}}