{"id":50625,"date":"2023-09-20T11:38:29","date_gmt":"2023-09-20T09:38:29","guid":{"rendered":"https:\/\/www.exenia.eu\/?p=50625"},"modified":"2023-10-10T14:12:42","modified_gmt":"2023-10-10T12:12:42","slug":"exenia-illumine-le-musee-jago","status":"publish","type":"post","link":"https:\/\/restyling.exenia.eu\/fr\/nouvelles\/exenia-illumine-le-musee-jago\/","title":{"rendered":"Exenia illumine le mus\u00e9e Jago"},"content":{"rendered":"<p><em>\u00ab\u00a0Je regarde ce qui m&rsquo;entoure, je le fa\u00e7onne et je le partage\u00a0\u00bb<\/em><br>JAGO<\/p><p>L&rsquo;\u00e9glise de Sant&rsquo;Aspreno ai Crociferi \u00e0 Naples, laiss\u00e9e \u00e0 l&rsquo;abandon pendant de nombreuses ann\u00e9es, a \u00e9t\u00e9 enti\u00e8rement r\u00e9nov\u00e9e par JAGO et constitue aujourd&rsquo;hui le mus\u00e9e-atelier priv\u00e9 du jeune et brillant artiste.<\/p><p>Jago se mesure au mat\u00e9riau par excellence de l&rsquo;art classique, le marbre. Dans le cadre magnifique de l&rsquo;\u00e9glise, les \u0153uvres se fondent dans l&rsquo;architecture et semblent \u00eatre l\u00e0 depuis toujours.<\/p><p>La t\u00e2che de la lumi\u00e8re est s\u00e9v\u00e8re. Les sculptures doivent occuper le devant de la sc\u00e8ne dans un espace enti\u00e8rement blanc.<br>Pour obtenir un bon \u00e9clairage &#8211; le bon \u00e9quilibre entre l&rsquo;ombre et la lumi\u00e8re, entre le champ et le contre-champ &#8211; il a fallu trouver une solution d&rsquo;\u00e9clairage inspir\u00e9e du mod\u00e8le classique, recr\u00e9ant l&rsquo;effet produit par la lumi\u00e8re naturelle entrant par une fen\u00eatre.<\/p><p>Pour r\u00e9pondre \u00e0 ces exigences, Light Company, le studio de conception d&rsquo;\u00e9clairage responsable du projet, a choisi de travailler avec notre projecteur SPOT REVO MAX 230, dont les caract\u00e9ristiques ont permis d&rsquo;obtenir un r\u00e9sultat passionnant et satisfaisant pour toutes les attentes du projet.<\/p>","protected":false},"excerpt":{"rendered":"<p>\u00ab\u00a0Je regarde ce qui m&rsquo;entoure, je le fa\u00e7onne et je&#8230;<\/p>\n","protected":false},"author":2,"featured_media":50546,"comment_status":"closed","ping_status":"closed","sticky":false,"template":"","format":"standard","meta":{"_acf_changed":false,"footnotes":""},"categories":[208],"tags":[],"class_list":["post-50625","post","type-post","status-publish","format-standard","has-post-thumbnail","hentry","category-nouvelles"],"acf":[],"yoast_head":"<!-- This site is optimized with the Yoast SEO plugin v27.4 - https:\/\/yoast.com\/product\/yoast-seo-wordpress\/ -->\n<title>Exenia illumine le mus\u00e9e Jago | Exenia<\/title>\n<meta name=\"robots\" content=\"noindex, follow, max-snippet:-1, max-image-preview:large, max-video-preview:-1\" \/>\n<meta property=\"og:locale\" content=\"fr_FR\" \/>\n<meta property=\"og:type\" content=\"article\" \/>\n<meta property=\"og:title\" content=\"Exenia illumine le mus\u00e9e Jago | Exenia\" \/>\n<meta property=\"og:description\" content=\"\u00ab\u00a0Je regarde ce qui m&rsquo;entoure, je le fa\u00e7onne et je...\" \/>\n<meta property=\"og:url\" content=\"https:\/\/restyling.exenia.eu\/news\/exenia-illumina-il-museo-di-jago\/\" \/>\n<meta property=\"og:site_name\" content=\"Exenia\" \/>\n<meta property=\"article:publisher\" content=\"https:\/\/www.facebook.com\/exenialighting\" \/>\n<meta property=\"article:published_time\" content=\"2023-09-20T09:38:29+00:00\" \/>\n<meta property=\"article:modified_time\" content=\"2023-10-10T12:12:42+00:00\" \/>\n<meta property=\"og:image\" content=\"https:\/\/restyling.exenia.eu\/wp-content\/uploads\/2023\/09\/1-jago-museum-ivanrossi-417-scaled.jpg\" \/>\n\t<meta property=\"og:image:width\" content=\"2560\" \/>\n\t<meta property=\"og:image:height\" content=\"1920\" \/>\n\t<meta property=\"og:image:type\" content=\"image\/jpeg\" \/>\n<meta name=\"author\" content=\"Exenia\" \/>\n<!-- \/ Yoast SEO plugin. -->","yoast_head_json":{"title":"Exenia illumine le mus\u00e9e Jago | Exenia","robots":{"index":"noindex","follow":"follow","max-snippet":"max-snippet:-1","max-image-preview":"max-image-preview:large","max-video-preview":"max-video-preview:-1"},"og_locale":"fr_FR","og_type":"article","og_title":"Exenia illumine le mus\u00e9e Jago | Exenia","og_description":"\u00ab\u00a0Je regarde ce qui m&rsquo;entoure, je le fa\u00e7onne et je...","og_url":"https:\/\/restyling.exenia.eu\/news\/exenia-illumina-il-museo-di-jago\/","og_site_name":"Exenia","article_publisher":"https:\/\/www.facebook.com\/exenialighting","article_published_time":"2023-09-20T09:38:29+00:00","article_modified_time":"2023-10-10T12:12:42+00:00","og_image":[{"width":2560,"height":1920,"url":"https:\/\/restyling.exenia.eu\/wp-content\/uploads\/2023\/09\/1-jago-museum-ivanrossi-417-scaled.jpg","type":"image\/jpeg"}],"author":"Exenia","schema":{"@context":"https:\/\/schema.org","@graph":[{"@type":"Article","@id":"https:\/\/restyling.exenia.eu\/news\/exenia-illumina-il-museo-di-jago\/#article","isPartOf":{"@id":"https:\/\/restyling.exenia.eu\/news\/exenia-illumina-il-museo-di-jago\/"},"author":{"name":"Exenia","@id":"https:\/\/restyling.exenia.eu\/#\/schema\/person\/162807301a776fe5ebcf59ba12d114bd"},"headline":"Exenia illumine le mus\u00e9e Jago","datePublished":"2023-09-20T09:38:29+00:00","dateModified":"2023-10-10T12:12:42+00:00","mainEntityOfPage":{"@id":"https:\/\/restyling.exenia.eu\/news\/exenia-illumina-il-museo-di-jago\/"},"wordCount":219,"publisher":{"@id":"https:\/\/restyling.exenia.eu\/#organization"},"image":{"@id":"https:\/\/restyling.exenia.eu\/news\/exenia-illumina-il-museo-di-jago\/#primaryimage"},"thumbnailUrl":"https:\/\/restyling.exenia.eu\/wp-content\/uploads\/2023\/09\/1-jago-museum-ivanrossi-417-scaled.jpg","articleSection":["Nouvelles"],"inLanguage":"fr-FR"},{"@type":"WebPage","@id":"https:\/\/restyling.exenia.eu\/news\/exenia-illumina-il-museo-di-jago\/","url":"https:\/\/restyling.exenia.eu\/news\/exenia-illumina-il-museo-di-jago\/","name":"Exenia illumine le mus\u00e9e Jago | Exenia","isPartOf":{"@id":"https:\/\/restyling.exenia.eu\/#website"},"primaryImageOfPage":{"@id":"https:\/\/restyling.exenia.eu\/news\/exenia-illumina-il-museo-di-jago\/#primaryimage"},"image":{"@id":"https:\/\/restyling.exenia.eu\/news\/exenia-illumina-il-museo-di-jago\/#primaryimage"},"thumbnailUrl":"https:\/\/restyling.exenia.eu\/wp-content\/uploads\/2023\/09\/1-jago-museum-ivanrossi-417-scaled.jpg","datePublished":"2023-09-20T09:38:29+00:00","dateModified":"2023-10-10T12:12:42+00:00","breadcrumb":{"@id":"https:\/\/restyling.exenia.eu\/news\/exenia-illumina-il-museo-di-jago\/#breadcrumb"},"inLanguage":"fr-FR","potentialAction":[{"@type":"ReadAction","target":["https:\/\/restyling.exenia.eu\/news\/exenia-illumina-il-museo-di-jago\/"]}]},{"@type":"ImageObject","inLanguage":"fr-FR","@id":"https:\/\/restyling.exenia.eu\/news\/exenia-illumina-il-museo-di-jago\/#primaryimage","url":"https:\/\/restyling.exenia.eu\/wp-content\/uploads\/2023\/09\/1-jago-museum-ivanrossi-417-scaled.jpg","contentUrl":"https:\/\/restyling.exenia.eu\/wp-content\/uploads\/2023\/09\/1-jago-museum-ivanrossi-417-scaled.jpg","width":2560,"height":1920,"caption":"Museo Jago"},{"@type":"BreadcrumbList","@id":"https:\/\/restyling.exenia.eu\/news\/exenia-illumina-il-museo-di-jago\/#breadcrumb","itemListElement":[{"@type":"ListItem","position":1,"name":"Home","item":"https:\/\/restyling.exenia.eu\/"},{"@type":"ListItem","position":2,"name":"News","item":"https:\/\/restyling.exenia.eu\/categoria\/news\/"},{"@type":"ListItem","position":3,"name":"Exenia illumine le mus\u00e9e Jago"}]},{"@type":"WebSite","@id":"https:\/\/restyling.exenia.eu\/#website","url":"https:\/\/restyling.exenia.eu\/","name":"Exenia","description":"","publisher":{"@id":"https:\/\/restyling.exenia.eu\/#organization"},"potentialAction":[{"@type":"SearchAction","target":{"@type":"EntryPoint","urlTemplate":"https:\/\/restyling.exenia.eu\/?s={search_term_string}"},"query-input":{"@type":"PropertyValueSpecification","valueRequired":true,"valueName":"search_term_string"}}],"inLanguage":"fr-FR"},{"@type":"Organization","@id":"https:\/\/restyling.exenia.eu\/#organization","name":"Exenia","url":"https:\/\/restyling.exenia.eu\/","logo":{"@type":"ImageObject","inLanguage":"fr-FR","@id":"https:\/\/restyling.exenia.eu\/#\/schema\/logo\/image\/","url":"https:\/\/restyling.exenia.eu\/wp-content\/uploads\/2022\/09\/logo_exenia-e1678467519405.png","contentUrl":"https:\/\/restyling.exenia.eu\/wp-content\/uploads\/2022\/09\/logo_exenia-e1678467519405.png","width":600,"height":194,"caption":"Exenia"},"image":{"@id":"https:\/\/restyling.exenia.eu\/#\/schema\/logo\/image\/"},"sameAs":["https:\/\/www.facebook.com\/exenialighting","https:\/\/x.com\/ExeniaLighting"]},{"@type":"Person","@id":"https:\/\/restyling.exenia.eu\/#\/schema\/person\/162807301a776fe5ebcf59ba12d114bd","name":"Exenia"}]}},"_links":{"self":[{"href":"https:\/\/restyling.exenia.eu\/fr\/wp-json\/wp\/v2\/posts\/50625","targetHints":{"allow":["GET"]}}],"collection":[{"href":"https:\/\/restyling.exenia.eu\/fr\/wp-json\/wp\/v2\/posts"}],"about":[{"href":"https:\/\/restyling.exenia.eu\/fr\/wp-json\/wp\/v2\/types\/post"}],"author":[{"embeddable":true,"href":"https:\/\/restyling.exenia.eu\/fr\/wp-json\/wp\/v2\/users\/2"}],"replies":[{"embeddable":true,"href":"https:\/\/restyling.exenia.eu\/fr\/wp-json\/wp\/v2\/comments?post=50625"}],"version-history":[{"count":0,"href":"https:\/\/restyling.exenia.eu\/fr\/wp-json\/wp\/v2\/posts\/50625\/revisions"}],"wp:featuredmedia":[{"embeddable":true,"href":"https:\/\/restyling.exenia.eu\/fr\/wp-json\/wp\/v2\/media\/50546"}],"wp:attachment":[{"href":"https:\/\/restyling.exenia.eu\/fr\/wp-json\/wp\/v2\/media?parent=50625"}],"wp:term":[{"taxonomy":"category","embeddable":true,"href":"https:\/\/restyling.exenia.eu\/fr\/wp-json\/wp\/v2\/categories?post=50625"},{"taxonomy":"post_tag","embeddable":true,"href":"https:\/\/restyling.exenia.eu\/fr\/wp-json\/wp\/v2\/tags?post=50625"}],"curies":[{"name":"wp","href":"https:\/\/api.w.org\/{rel}","templated":true}]}}