{"id":51870,"date":"2024-02-06T16:33:00","date_gmt":"2024-02-06T15:33:00","guid":{"rendered":"https:\/\/www.exenia.eu\/?p=51870"},"modified":"2024-02-13T17:43:22","modified_gmt":"2024-02-13T16:43:22","slug":"exenia-partecipa-alla-fiera-lightingbuilding-2024","status":"publish","type":"post","link":"https:\/\/restyling.exenia.eu\/fr\/nouvelles\/exenia-partecipa-alla-fiera-lightingbuilding-2024\/","title":{"rendered":"Exenia participe au salon light+building 2024"},"content":{"rendered":"\t\t<div data-elementor-type=\"wp-post\" data-elementor-id=\"51870\" class=\"elementor elementor-51870 elementor-51824\" wpc-filter-elementor-widget=\"1\" data-elementor-post-type=\"post\">\n\t\t\t\t\t\t<section class=\"elementor-section elementor-top-section elementor-element elementor-element-5b5f1871 elementor-section-boxed elementor-section-height-default elementor-section-height-default\" data-id=\"5b5f1871\" data-element_type=\"section\" data-e-type=\"section\">\n\t\t\t\t\t\t<div class=\"elementor-container elementor-column-gap-default\">\n\t\t\t\t\t<div class=\"elementor-column elementor-col-100 elementor-top-column elementor-element elementor-element-37b29b31\" data-id=\"37b29b31\" data-element_type=\"column\" data-e-type=\"column\">\n\t\t\t<div class=\"elementor-widget-wrap elementor-element-populated\">\n\t\t\t\t\t\t<div class=\"elementor-element elementor-element-464cede5 elementor-widget__width-initial elementor-widget elementor-widget-text-editor\" data-id=\"464cede5\" data-element_type=\"widget\" data-e-type=\"widget\" data-widget_type=\"text-editor.default\">\n\t\t\t\t<div class=\"elementor-widget-container\">\n\t\t\t\t\t\t\t\t\t<figure class=\"wp-block-image size-large\"><img fetchpriority=\"high\" decoding=\"async\" width=\"1024\" height=\"642\" class=\"wp-image-51786\" src=\"https:\/\/www.exenia.eu\/exenia-staging\/wp-content\/uploads\/2024\/02\/WEB-1024x642.jpg\" alt=\"\" srcset=\"https:\/\/restyling.exenia.eu\/wp-content\/uploads\/2024\/02\/WEB-1024x642.jpg 1024w, https:\/\/restyling.exenia.eu\/wp-content\/uploads\/2024\/02\/WEB-300x188.jpg 300w, https:\/\/restyling.exenia.eu\/wp-content\/uploads\/2024\/02\/WEB-768x481.jpg 768w, https:\/\/restyling.exenia.eu\/wp-content\/uploads\/2024\/02\/WEB-1536x962.jpg 1536w, https:\/\/restyling.exenia.eu\/wp-content\/uploads\/2024\/02\/WEB-2048x1283.jpg 2048w\" sizes=\"(max-width: 1024px) 100vw, 1024px\" \/><\/figure><hr class=\"wp-block-separator has-alpha-channel-opacity is-style-dots\" \/><p>Nous avons le plaisir d&rsquo;annoncer notre participation au salon Light+Building 2024, qui se tiendra \u00e0 Francfort du 3 au 8 mars.<\/p><p>Ce sera une occasion sp\u00e9ciale de voir de plus pr\u00e8s les performances et la technologie de nos produits, contextualis\u00e9s dans diff\u00e9rents domaines d&rsquo;application : des lieux de culte au commerce de d\u00e9tail, de l&rsquo;h\u00f4tellerie \u00e0 la maison, de l&rsquo;\u00e9ducation aux bureaux.<\/p><p>Dans la salle noire install\u00e9e sur notre stand, il sera possible de participer \u00e0 la Live Optical Experience, une session de d\u00e9monstration<br \/>de l&rsquo;optique REVO.<\/p><p>Une exp\u00e9rience interactive au cours de laquelle vous pourrez poser des questions \u00e0 nos professionnels et en apprendre davantage sur les particularit\u00e9s de nos technologies.<br \/>Une occasion unique d&rsquo;avoir une vision compl\u00e8te du potentiel de nos optiques REVO.<\/p><p>Ne manquez pas cette occasion !<\/p><div class=\"wp-block-buttons\"><div class=\"wp-block-button has-custom-font-size is-style-fill\" style=\"font-size: 20px\"><span style=\"color: #ffffff\"><br \/><a class=\"wp-block-button__link has-white-color has-text-color has-background has-link-color wp-element-button\" style=\"background-color: #998454;color: #ffffff\" href=\"https:\/\/outlook.office365.com\/owa\/calendar\/Exenia1@Lumenpulse.onmicrosoft.com\/bookings\/\">LIVRE<\/a><\/span><\/div><\/div><hr class=\"wp-block-separator has-alpha-channel-opacity is-style-dots\" \/><p><br \/>*Si les disponibilit\u00e9s sont \u00e9puis\u00e9es, veuillez contacter reception@exenia.eu et r\u00e9server avec l&rsquo;un de nos repr\u00e9sentants commerciaux disponibles.<br \/>disponible.<\/p><p><strong>Vous n&rsquo;avez pas de billet pour la foire ?<\/strong><br \/>Si vous n&rsquo;avez pas encore de billet pour la foire, veuillez contacter mkt@exenia.eu pour en obtenir un gratuitement.<\/p>\t\t\t\t\t\t\t\t<\/div>\n\t\t\t\t<\/div>\n\t\t\t\t\t<\/div>\n\t\t<\/div>\n\t\t\t\t\t<\/div>\n\t\t<\/section>\n\t\t\t\t<\/div>\n\t\t","protected":false},"excerpt":{"rendered":"<p>Nous avons le plaisir d&rsquo;annoncer notre participation au salon Light+Building&#8230;<\/p>\n","protected":false},"author":2,"featured_media":51934,"comment_status":"closed","ping_status":"closed","sticky":false,"template":"","format":"standard","meta":{"_acf_changed":false,"footnotes":""},"categories":[208],"tags":[],"class_list":["post-51870","post","type-post","status-publish","format-standard","has-post-thumbnail","hentry","category-nouvelles"],"acf":[],"yoast_head":"<!-- This site is optimized with the Yoast SEO plugin v27.5 - https:\/\/yoast.com\/product\/yoast-seo-wordpress\/ -->\n<title>Exenia participe au salon light+building 2024 | Exenia<\/title>\n<meta name=\"robots\" content=\"noindex, follow, max-snippet:-1, max-image-preview:large, max-video-preview:-1\" \/>\n<meta property=\"og:locale\" content=\"fr_FR\" \/>\n<meta property=\"og:type\" content=\"article\" \/>\n<meta property=\"og:title\" content=\"Exenia participe au salon light+building 2024 | Exenia\" \/>\n<meta property=\"og:description\" content=\"Nous avons le plaisir d&rsquo;annoncer notre participation au salon Light+Building...\" \/>\n<meta property=\"og:url\" content=\"https:\/\/restyling.exenia.eu\/news\/exenia-partecipa-alla-fiera-lightingbuilding-2024\/\" \/>\n<meta property=\"og:site_name\" content=\"Exenia\" \/>\n<meta property=\"article:publisher\" content=\"https:\/\/www.facebook.com\/exenialighting\" \/>\n<meta property=\"article:published_time\" content=\"2024-02-06T15:33:00+00:00\" \/>\n<meta property=\"article:modified_time\" content=\"2024-02-13T16:43:22+00:00\" \/>\n<meta property=\"og:image\" content=\"https:\/\/restyling.exenia.eu\/wp-content\/uploads\/2023\/04\/Bannerone.jpg\" \/>\n\t<meta property=\"og:image:width\" content=\"2200\" \/>\n\t<meta property=\"og:image:height\" content=\"1723\" \/>\n\t<meta property=\"og:image:type\" content=\"image\/jpeg\" \/>\n<meta name=\"author\" content=\"Exenia\" \/>\n<!-- \/ Yoast SEO plugin. -->","yoast_head_json":{"title":"Exenia participe au salon light+building 2024 | Exenia","robots":{"index":"noindex","follow":"follow","max-snippet":"max-snippet:-1","max-image-preview":"max-image-preview:large","max-video-preview":"max-video-preview:-1"},"og_locale":"fr_FR","og_type":"article","og_title":"Exenia participe au salon light+building 2024 | Exenia","og_description":"Nous avons le plaisir d&rsquo;annoncer notre participation au salon Light+Building...","og_url":"https:\/\/restyling.exenia.eu\/news\/exenia-partecipa-alla-fiera-lightingbuilding-2024\/","og_site_name":"Exenia","article_publisher":"https:\/\/www.facebook.com\/exenialighting","article_published_time":"2024-02-06T15:33:00+00:00","article_modified_time":"2024-02-13T16:43:22+00:00","og_image":[{"width":2200,"height":1723,"url":"https:\/\/restyling.exenia.eu\/wp-content\/uploads\/2023\/04\/Bannerone.jpg","type":"image\/jpeg"}],"author":"Exenia","schema":{"@context":"https:\/\/schema.org","@graph":[{"@type":"Article","@id":"https:\/\/restyling.exenia.eu\/news\/exenia-partecipa-alla-fiera-lightingbuilding-2024\/#article","isPartOf":{"@id":"https:\/\/restyling.exenia.eu\/news\/exenia-partecipa-alla-fiera-lightingbuilding-2024\/"},"author":{"name":"Exenia","@id":"https:\/\/restyling.exenia.eu\/#\/schema\/person\/162807301a776fe5ebcf59ba12d114bd"},"headline":"Exenia participe au salon light+building 2024","datePublished":"2024-02-06T15:33:00+00:00","dateModified":"2024-02-13T16:43:22+00:00","mainEntityOfPage":{"@id":"https:\/\/restyling.exenia.eu\/news\/exenia-partecipa-alla-fiera-lightingbuilding-2024\/"},"wordCount":201,"publisher":{"@id":"https:\/\/restyling.exenia.eu\/#organization"},"image":{"@id":"https:\/\/restyling.exenia.eu\/news\/exenia-partecipa-alla-fiera-lightingbuilding-2024\/#primaryimage"},"thumbnailUrl":"https:\/\/restyling.exenia.eu\/wp-content\/uploads\/2023\/04\/Bannerone.jpg","articleSection":["Nouvelles"],"inLanguage":"fr-FR"},{"@type":"WebPage","@id":"https:\/\/restyling.exenia.eu\/news\/exenia-partecipa-alla-fiera-lightingbuilding-2024\/","url":"https:\/\/restyling.exenia.eu\/news\/exenia-partecipa-alla-fiera-lightingbuilding-2024\/","name":"Exenia participe au salon light+building 2024 | Exenia","isPartOf":{"@id":"https:\/\/restyling.exenia.eu\/#website"},"primaryImageOfPage":{"@id":"https:\/\/restyling.exenia.eu\/news\/exenia-partecipa-alla-fiera-lightingbuilding-2024\/#primaryimage"},"image":{"@id":"https:\/\/restyling.exenia.eu\/news\/exenia-partecipa-alla-fiera-lightingbuilding-2024\/#primaryimage"},"thumbnailUrl":"https:\/\/restyling.exenia.eu\/wp-content\/uploads\/2023\/04\/Bannerone.jpg","datePublished":"2024-02-06T15:33:00+00:00","dateModified":"2024-02-13T16:43:22+00:00","breadcrumb":{"@id":"https:\/\/restyling.exenia.eu\/news\/exenia-partecipa-alla-fiera-lightingbuilding-2024\/#breadcrumb"},"inLanguage":"fr-FR","potentialAction":[{"@type":"ReadAction","target":["https:\/\/restyling.exenia.eu\/news\/exenia-partecipa-alla-fiera-lightingbuilding-2024\/"]}]},{"@type":"ImageObject","inLanguage":"fr-FR","@id":"https:\/\/restyling.exenia.eu\/news\/exenia-partecipa-alla-fiera-lightingbuilding-2024\/#primaryimage","url":"https:\/\/restyling.exenia.eu\/wp-content\/uploads\/2023\/04\/Bannerone.jpg","contentUrl":"https:\/\/restyling.exenia.eu\/wp-content\/uploads\/2023\/04\/Bannerone.jpg","width":2200,"height":1723},{"@type":"BreadcrumbList","@id":"https:\/\/restyling.exenia.eu\/news\/exenia-partecipa-alla-fiera-lightingbuilding-2024\/#breadcrumb","itemListElement":[{"@type":"ListItem","position":1,"name":"Home","item":"https:\/\/restyling.exenia.eu\/"},{"@type":"ListItem","position":2,"name":"News","item":"https:\/\/restyling.exenia.eu\/categoria\/news\/"},{"@type":"ListItem","position":3,"name":"Exenia participe au salon light+building 2024"}]},{"@type":"WebSite","@id":"https:\/\/restyling.exenia.eu\/#website","url":"https:\/\/restyling.exenia.eu\/","name":"Exenia","description":"","publisher":{"@id":"https:\/\/restyling.exenia.eu\/#organization"},"potentialAction":[{"@type":"SearchAction","target":{"@type":"EntryPoint","urlTemplate":"https:\/\/restyling.exenia.eu\/?s={search_term_string}"},"query-input":{"@type":"PropertyValueSpecification","valueRequired":true,"valueName":"search_term_string"}}],"inLanguage":"fr-FR"},{"@type":"Organization","@id":"https:\/\/restyling.exenia.eu\/#organization","name":"Exenia","url":"https:\/\/restyling.exenia.eu\/","logo":{"@type":"ImageObject","inLanguage":"fr-FR","@id":"https:\/\/restyling.exenia.eu\/#\/schema\/logo\/image\/","url":"https:\/\/restyling.exenia.eu\/wp-content\/uploads\/2022\/09\/logo_exenia-e1678467519405.png","contentUrl":"https:\/\/restyling.exenia.eu\/wp-content\/uploads\/2022\/09\/logo_exenia-e1678467519405.png","width":600,"height":194,"caption":"Exenia"},"image":{"@id":"https:\/\/restyling.exenia.eu\/#\/schema\/logo\/image\/"},"sameAs":["https:\/\/www.facebook.com\/exenialighting","https:\/\/x.com\/ExeniaLighting"]},{"@type":"Person","@id":"https:\/\/restyling.exenia.eu\/#\/schema\/person\/162807301a776fe5ebcf59ba12d114bd","name":"Exenia"}]}},"_links":{"self":[{"href":"https:\/\/restyling.exenia.eu\/fr\/wp-json\/wp\/v2\/posts\/51870","targetHints":{"allow":["GET"]}}],"collection":[{"href":"https:\/\/restyling.exenia.eu\/fr\/wp-json\/wp\/v2\/posts"}],"about":[{"href":"https:\/\/restyling.exenia.eu\/fr\/wp-json\/wp\/v2\/types\/post"}],"author":[{"embeddable":true,"href":"https:\/\/restyling.exenia.eu\/fr\/wp-json\/wp\/v2\/users\/2"}],"replies":[{"embeddable":true,"href":"https:\/\/restyling.exenia.eu\/fr\/wp-json\/wp\/v2\/comments?post=51870"}],"version-history":[{"count":0,"href":"https:\/\/restyling.exenia.eu\/fr\/wp-json\/wp\/v2\/posts\/51870\/revisions"}],"wp:featuredmedia":[{"embeddable":true,"href":"https:\/\/restyling.exenia.eu\/fr\/wp-json\/wp\/v2\/media\/51934"}],"wp:attachment":[{"href":"https:\/\/restyling.exenia.eu\/fr\/wp-json\/wp\/v2\/media?parent=51870"}],"wp:term":[{"taxonomy":"category","embeddable":true,"href":"https:\/\/restyling.exenia.eu\/fr\/wp-json\/wp\/v2\/categories?post=51870"},{"taxonomy":"post_tag","embeddable":true,"href":"https:\/\/restyling.exenia.eu\/fr\/wp-json\/wp\/v2\/tags?post=51870"}],"curies":[{"name":"wp","href":"https:\/\/api.w.org\/{rel}","templated":true}]}}