{"id":52333,"date":"2024-03-27T15:29:35","date_gmt":"2024-03-27T14:29:35","guid":{"rendered":"https:\/\/www.exenia.eu\/?p=52333"},"modified":"2024-04-05T11:01:41","modified_gmt":"2024-04-05T09:01:41","slug":"lumenpulse-devoile-exenia-en-amerique-du-nord","status":"publish","type":"post","link":"https:\/\/restyling.exenia.eu\/fr\/nouvelles\/lumenpulse-devoile-exenia-en-amerique-du-nord\/","title":{"rendered":"Lumenpulse D\u00e9voile EXENIA en Am\u00e9rique du Nord"},"content":{"rendered":"<figure><strong> <img fetchpriority=\"high\" decoding=\"async\" src=\"https:\/\/restyling.exenia.eu\/wp-content\/uploads\/2024\/04\/BANNER-SITO-NA.webp\" alt=\"\" width=\"1920\" height=\"1202\" \/><\/strong><\/figure>\n<p><strong>La nouvelle gamme de luminaires ponctuels allie la pr\u00e9cision technique au style d\u00e9coratif.<\/strong><\/p>\n<p>Lumenpulse, un chef de file en mati\u00e8re de solutions d&rsquo;\u00e9clairage architectural, annonce le lancement en Am\u00e9rique du Nord d&rsquo;Exenia, une collection de luminaires ponctuels m\u00e9ticuleusement \u00e9labor\u00e9s. Con\u00e7ue \u00e0 Florence, en Italie, Exenia incarne un h\u00e9ritage d&rsquo;excellence en mati\u00e8re de design et d&rsquo;innovation technique, am\u00e9liorant ainsi les solutions d&rsquo;\u00e9clairage int\u00e9rieur de Lumenpulse.<\/p>\n<p>Suite \u00e0 l&rsquo;acquisition d&rsquo;Exenia par Lumenpulse en 2015, un \u00e9change fructueux d&rsquo;id\u00e9es entre les deux entit\u00e9s a donn\u00e9 naissance \u00e0 des luminaires qui allient harmonieusement \u00e9l\u00e9gance et prouesses techniques. Maintenant, apr\u00e8s des mois de collaboration entre les \u00e9quipes de Florence et de Montr\u00e9al, Lumenpulse d\u00e9voile fi\u00e8rement la collection Exenia pour l&rsquo;Am\u00e9rique du Nord.\u00a0<\/p>\n<p>Alors que Lumencore de Lumenpulse constitue une gamme compl\u00e8te de luminaires architecturaux, la collection Exenia apporte une touche d\u00e9corative distinctive. Avec un penchant pour la miniaturisation, Exenia offre aux concepteurs une flexibilit\u00e9 dans la cr\u00e9ation d&rsquo;int\u00e9rieurs visuellement saisissants, tout en r\u00e9pondant aux objectifs importants du projet en mati\u00e8re de performance \u00e9nerg\u00e9tique, de fiabilit\u00e9, de co\u00fbt et de durabilit\u00e9.<\/p>\n<p>Avec sa collection de downlights, de projecteurs et de suspensions d\u00e9coratives, Exenia offre une grande polyvalence dans des secteurs tels que l&rsquo;h\u00f4tellerie, le commerce de d\u00e9tail et les bureaux, tout en donnant la priorit\u00e9 au confort visuel gr\u00e2ce \u00e0 son taux d&rsquo;\u00e9blouissement tr\u00e8s faible, afin d&rsquo;assurer une exp\u00e9rience d&rsquo;\u00e9clairage agr\u00e9able pour les occupants. La collection Exenia est pr\u00eate \u00e0 devenir un choix incontournable pour les professionnels qui recherchent la sophistication, la flexibilit\u00e9 et un design impeccable dans leurs projets.\u00a0<\/p>\n<p>Alors que Lumenpulse \u00e9largit son offre d&rsquo;\u00e9clairage int\u00e9rieur, l&rsquo;ajout d&rsquo;Exenia souligne son engagement \u00e0 fournir aux professionnels de l&rsquo;\u00e9clairage de nouveaux outils pour cr\u00e9er des int\u00e9rieurs captivants. En combinant le design italien et la pr\u00e9cision technique, Lumenpulse \u00e9tablit une nouvelle norme pour l&rsquo;excellence de l&rsquo;\u00e9clairage architectural en Am\u00e9rique du Nord.<\/p>\n<p style=\"text-align: left\"><a href=\"https:\/\/www.lumenpulse.com\/fr\/exenia\/produits\" target=\"_blank\" rel=\"noopener\"><u><b><i>Visite Exenia en Am\u00e9rique du Nord<\/i><\/b><\/u><\/a><\/p>\n","protected":false},"excerpt":{"rendered":"<p>La nouvelle gamme de luminaires ponctuels allie la pr\u00e9cision technique&#8230;<\/p>\n","protected":false},"author":3,"featured_media":52307,"comment_status":"closed","ping_status":"closed","sticky":false,"template":"","format":"standard","meta":{"_acf_changed":false,"footnotes":""},"categories":[208],"tags":[],"class_list":["post-52333","post","type-post","status-publish","format-standard","has-post-thumbnail","hentry","category-nouvelles"],"acf":[],"yoast_head":"<!-- This site is optimized with the Yoast SEO plugin v27.5 - https:\/\/yoast.com\/product\/yoast-seo-wordpress\/ -->\n<title>Lumenpulse D\u00e9voile EXENIA en Am\u00e9rique du Nord | Exenia<\/title>\n<meta name=\"robots\" content=\"noindex, follow, max-snippet:-1, max-image-preview:large, max-video-preview:-1\" \/>\n<meta property=\"og:locale\" content=\"fr_FR\" \/>\n<meta property=\"og:type\" content=\"article\" \/>\n<meta property=\"og:title\" content=\"Lumenpulse D\u00e9voile EXENIA en Am\u00e9rique du Nord | Exenia\" \/>\n<meta property=\"og:description\" content=\"La nouvelle gamme de luminaires ponctuels allie la pr\u00e9cision technique...\" \/>\n<meta property=\"og:url\" content=\"https:\/\/restyling.exenia.eu\/news\/lumenpulse-presenta-exenia-in-nord-america\/\" \/>\n<meta property=\"og:site_name\" content=\"Exenia\" \/>\n<meta property=\"article:publisher\" content=\"https:\/\/www.facebook.com\/exenialighting\" \/>\n<meta property=\"article:published_time\" content=\"2024-03-27T14:29:35+00:00\" \/>\n<meta property=\"article:modified_time\" content=\"2024-04-05T09:01:41+00:00\" \/>\n<meta property=\"og:image\" content=\"https:\/\/restyling.exenia.eu\/wp-content\/uploads\/2024\/03\/BANNER-SITO-NA.jpg\" \/>\n\t<meta property=\"og:image:width\" content=\"2156\" \/>\n\t<meta property=\"og:image:height\" content=\"1616\" \/>\n\t<meta property=\"og:image:type\" content=\"image\/jpeg\" \/>\n<meta name=\"author\" content=\"Stefano Grassi\" \/>\n<!-- \/ Yoast SEO plugin. -->","yoast_head_json":{"title":"Lumenpulse D\u00e9voile EXENIA en Am\u00e9rique du Nord | Exenia","robots":{"index":"noindex","follow":"follow","max-snippet":"max-snippet:-1","max-image-preview":"max-image-preview:large","max-video-preview":"max-video-preview:-1"},"og_locale":"fr_FR","og_type":"article","og_title":"Lumenpulse D\u00e9voile EXENIA en Am\u00e9rique du Nord | Exenia","og_description":"La nouvelle gamme de luminaires ponctuels allie la pr\u00e9cision technique...","og_url":"https:\/\/restyling.exenia.eu\/news\/lumenpulse-presenta-exenia-in-nord-america\/","og_site_name":"Exenia","article_publisher":"https:\/\/www.facebook.com\/exenialighting","article_published_time":"2024-03-27T14:29:35+00:00","article_modified_time":"2024-04-05T09:01:41+00:00","og_image":[{"width":2156,"height":1616,"url":"https:\/\/restyling.exenia.eu\/wp-content\/uploads\/2024\/03\/BANNER-SITO-NA.jpg","type":"image\/jpeg"}],"author":"Stefano Grassi","schema":{"@context":"https:\/\/schema.org","@graph":[{"@type":"Article","@id":"https:\/\/restyling.exenia.eu\/news\/lumenpulse-presenta-exenia-in-nord-america\/#article","isPartOf":{"@id":"https:\/\/restyling.exenia.eu\/news\/lumenpulse-presenta-exenia-in-nord-america\/"},"author":{"name":"Stefano Grassi","@id":"https:\/\/restyling.exenia.eu\/#\/schema\/person\/8411201ecff9535f943361d7b1e754b2"},"headline":"Lumenpulse D\u00e9voile EXENIA en Am\u00e9rique du Nord","datePublished":"2024-03-27T14:29:35+00:00","dateModified":"2024-04-05T09:01:41+00:00","mainEntityOfPage":{"@id":"https:\/\/restyling.exenia.eu\/news\/lumenpulse-presenta-exenia-in-nord-america\/"},"wordCount":373,"publisher":{"@id":"https:\/\/restyling.exenia.eu\/#organization"},"image":{"@id":"https:\/\/restyling.exenia.eu\/news\/lumenpulse-presenta-exenia-in-nord-america\/#primaryimage"},"thumbnailUrl":"https:\/\/restyling.exenia.eu\/wp-content\/uploads\/2024\/03\/BANNER-SITO-NA.jpg","articleSection":["Nouvelles"],"inLanguage":"fr-FR"},{"@type":"WebPage","@id":"https:\/\/restyling.exenia.eu\/news\/lumenpulse-presenta-exenia-in-nord-america\/","url":"https:\/\/restyling.exenia.eu\/news\/lumenpulse-presenta-exenia-in-nord-america\/","name":"Lumenpulse D\u00e9voile EXENIA en Am\u00e9rique du Nord | Exenia","isPartOf":{"@id":"https:\/\/restyling.exenia.eu\/#website"},"primaryImageOfPage":{"@id":"https:\/\/restyling.exenia.eu\/news\/lumenpulse-presenta-exenia-in-nord-america\/#primaryimage"},"image":{"@id":"https:\/\/restyling.exenia.eu\/news\/lumenpulse-presenta-exenia-in-nord-america\/#primaryimage"},"thumbnailUrl":"https:\/\/restyling.exenia.eu\/wp-content\/uploads\/2024\/03\/BANNER-SITO-NA.jpg","datePublished":"2024-03-27T14:29:35+00:00","dateModified":"2024-04-05T09:01:41+00:00","breadcrumb":{"@id":"https:\/\/restyling.exenia.eu\/news\/lumenpulse-presenta-exenia-in-nord-america\/#breadcrumb"},"inLanguage":"fr-FR","potentialAction":[{"@type":"ReadAction","target":["https:\/\/restyling.exenia.eu\/news\/lumenpulse-presenta-exenia-in-nord-america\/"]}]},{"@type":"ImageObject","inLanguage":"fr-FR","@id":"https:\/\/restyling.exenia.eu\/news\/lumenpulse-presenta-exenia-in-nord-america\/#primaryimage","url":"https:\/\/restyling.exenia.eu\/wp-content\/uploads\/2024\/03\/BANNER-SITO-NA.jpg","contentUrl":"https:\/\/restyling.exenia.eu\/wp-content\/uploads\/2024\/03\/BANNER-SITO-NA.jpg","width":2156,"height":1616},{"@type":"BreadcrumbList","@id":"https:\/\/restyling.exenia.eu\/news\/lumenpulse-presenta-exenia-in-nord-america\/#breadcrumb","itemListElement":[{"@type":"ListItem","position":1,"name":"Home","item":"https:\/\/restyling.exenia.eu\/"},{"@type":"ListItem","position":2,"name":"News","item":"https:\/\/restyling.exenia.eu\/categoria\/news\/"},{"@type":"ListItem","position":3,"name":"Lumenpulse D\u00e9voile EXENIA en Am\u00e9rique du Nord"}]},{"@type":"WebSite","@id":"https:\/\/restyling.exenia.eu\/#website","url":"https:\/\/restyling.exenia.eu\/","name":"Exenia","description":"","publisher":{"@id":"https:\/\/restyling.exenia.eu\/#organization"},"potentialAction":[{"@type":"SearchAction","target":{"@type":"EntryPoint","urlTemplate":"https:\/\/restyling.exenia.eu\/?s={search_term_string}"},"query-input":{"@type":"PropertyValueSpecification","valueRequired":true,"valueName":"search_term_string"}}],"inLanguage":"fr-FR"},{"@type":"Organization","@id":"https:\/\/restyling.exenia.eu\/#organization","name":"Exenia","url":"https:\/\/restyling.exenia.eu\/","logo":{"@type":"ImageObject","inLanguage":"fr-FR","@id":"https:\/\/restyling.exenia.eu\/#\/schema\/logo\/image\/","url":"https:\/\/restyling.exenia.eu\/wp-content\/uploads\/2022\/09\/logo_exenia-e1678467519405.png","contentUrl":"https:\/\/restyling.exenia.eu\/wp-content\/uploads\/2022\/09\/logo_exenia-e1678467519405.png","width":600,"height":194,"caption":"Exenia"},"image":{"@id":"https:\/\/restyling.exenia.eu\/#\/schema\/logo\/image\/"},"sameAs":["https:\/\/www.facebook.com\/exenialighting","https:\/\/x.com\/ExeniaLighting"]},{"@type":"Person","@id":"https:\/\/restyling.exenia.eu\/#\/schema\/person\/8411201ecff9535f943361d7b1e754b2","name":"Stefano Grassi"}]}},"_links":{"self":[{"href":"https:\/\/restyling.exenia.eu\/fr\/wp-json\/wp\/v2\/posts\/52333","targetHints":{"allow":["GET"]}}],"collection":[{"href":"https:\/\/restyling.exenia.eu\/fr\/wp-json\/wp\/v2\/posts"}],"about":[{"href":"https:\/\/restyling.exenia.eu\/fr\/wp-json\/wp\/v2\/types\/post"}],"author":[{"embeddable":true,"href":"https:\/\/restyling.exenia.eu\/fr\/wp-json\/wp\/v2\/users\/3"}],"replies":[{"embeddable":true,"href":"https:\/\/restyling.exenia.eu\/fr\/wp-json\/wp\/v2\/comments?post=52333"}],"version-history":[{"count":0,"href":"https:\/\/restyling.exenia.eu\/fr\/wp-json\/wp\/v2\/posts\/52333\/revisions"}],"wp:featuredmedia":[{"embeddable":true,"href":"https:\/\/restyling.exenia.eu\/fr\/wp-json\/wp\/v2\/media\/52307"}],"wp:attachment":[{"href":"https:\/\/restyling.exenia.eu\/fr\/wp-json\/wp\/v2\/media?parent=52333"}],"wp:term":[{"taxonomy":"category","embeddable":true,"href":"https:\/\/restyling.exenia.eu\/fr\/wp-json\/wp\/v2\/categories?post=52333"},{"taxonomy":"post_tag","embeddable":true,"href":"https:\/\/restyling.exenia.eu\/fr\/wp-json\/wp\/v2\/tags?post=52333"}],"curies":[{"name":"wp","href":"https:\/\/api.w.org\/{rel}","templated":true}]}}